{"id":38892,"date":"2020-01-27T08:38:29","date_gmt":"2020-01-27T07:38:29","guid":{"rendered":"http:\/\/eg-reeds.com\/?p=38892"},"modified":"2025-02-20T10:47:00","modified_gmt":"2025-02-20T09:47:00","slug":"lluis-calm-vidal-noruega-con-el-oboe-por-el-mundo","status":"publish","type":"post","link":"https:\/\/eg-reeds.com\/es\/lluis-calm-vidal-noruega-con-el-oboe-por-el-mundo\/","title":{"rendered":"Lluis Calm Vidal &#8211; Noruega &#8211; Con el oboe por el mundo"},"content":{"rendered":"<div class=\"page\" title=\"Page 1\">\n<div class=\"section\">\n<div class=\"layoutArea\">\n<div class=\"column\">\n<h1><strong>Lluis Calm Vidal &#8211; Noruega &#8211; Con el oboe por el mundo.<\/strong><\/h1>\n<p>Hoy traemos la historia de un obo\u00edsta espa\u00f1ol que vive en el extranjero y nos cuenta su experiencia. Si est\u00e1s interesad@ en contarnos tu historia ponte en contacto con nosotros en el correo <a href=\"mailto:info@eg-reeds.com\" target=\"_blank\" rel=\"noopener noreferrer\">info@eg-reeds.com<\/a>. Desde EG-REEDS agradecemos mucho a Lluis Calm su colaboraci\u00f3n y la interesante historia que nos cuenta sobre su vida en Noruega. Os dejamos con ella. Esperamos que os guste.<\/p>\n<\/div>\n<p>&#8212;<\/p>\n<div class=\"column\">\n<p>Cuando E\u0301ric me propuso escribir un texto sobre mi experiencia en Noruega, me vino a la mente esas redacciones que haci\u0301amos en el colegio despue\u0301s de volver de vacaciones.<\/p>\n<p>Para empezar, me gustari\u0301a presentarme, me llamo Lluis, actualmente resido en Oslo, ciudad a la que vine ya hace casi 8 an\u0303os a estudiar el ma\u0301ster de oboe en la Academia Nacional de Mu\u0301sica de Noruega. Soy nacido en Terrassa, situada en la provincia de Barcelona. Curse\u0301 mis estudios de elemental y grado medio en esta ciudad con Francisco Castillo. Ma\u0301s tarde realice\u0301 mis estudios superiores en el Conservatorio Superior de Barcelona con Francisco Castello\u0301.<\/p>\n<p><img loading=\"lazy\" decoding=\"async\" class=\"aligncenter size-large wp-image-38877\" src=\"http:\/\/eg-reeds.com\/wp-content\/uploads\/2020\/01\/Lluis-Calm-Vidal-oboe-1024x678.jpg\" alt=\"\" width=\"1020\" height=\"675\" srcset=\"https:\/\/eg-reeds.com\/wp-content\/uploads\/2020\/01\/Lluis-Calm-Vidal-oboe-1024x678.jpg 1024w, https:\/\/eg-reeds.com\/wp-content\/uploads\/2020\/01\/Lluis-Calm-Vidal-oboe-scaled-600x397.jpg 600w, https:\/\/eg-reeds.com\/wp-content\/uploads\/2020\/01\/Lluis-Calm-Vidal-oboe-300x199.jpg 300w, https:\/\/eg-reeds.com\/wp-content\/uploads\/2020\/01\/Lluis-Calm-Vidal-oboe-768x509.jpg 768w, https:\/\/eg-reeds.com\/wp-content\/uploads\/2020\/01\/Lluis-Calm-Vidal-oboe-1536x1017.jpg 1536w, https:\/\/eg-reeds.com\/wp-content\/uploads\/2020\/01\/Lluis-Calm-Vidal-oboe-2048x1356.jpg 2048w, https:\/\/eg-reeds.com\/wp-content\/uploads\/2020\/01\/Lluis-Calm-Vidal-oboe-510x338.jpg 510w\" sizes=\"auto, (max-width: 1020px) 100vw, 1020px\" \/><\/p>\n<p>Por motivos personales, despue\u0301s de mis estudios en Barcelona, me mude\u0301 a Madrid. Estamos hablando de agosto de 2011, punto a\u0301lgido de la desaceleracio\u0301n econo\u0301mica en Espan\u0303a.<\/p>\n<p>Al cabo de unos meses buscando suerte en Madrid, senti\u0301 que aquella ciudad no iba a ser mi destino final. Fue entonces cuando decidi\u0301 que iba a probar suerte en el extranjero como muchos otros compatriotas.<\/p>\n<p>Hablando con mi amigo Vicente, me hablo\u0301 muy bien de la academia de Oslo donde e\u0301l estaba estudiando fagot con Dag Jensen. Antes de las pruebas fui a dar una clase con el aquel entonces profesor de la academia, Erik Niord Larsen. Cuando toque\u0301 para e\u0301l me dijo que mi nivel era bueno para hacer las pruebas al ma\u0301ster asi\u0301 que en febrero las hice.<\/p>\n<p>En los pai\u0301ses escandinavos, las pruebas para el ma\u0301ster se realizan en enero\/febrero, y las fechas para inscribirse suelen cerrarse a principios de diciembre. La inscripcio\u0301n fue un proceso bastante sencillo, consisti\u0301a en mandar un CV, una lista con el repertorio que se habi\u0301a trabajado anteriormente, una carta de motivacio\u0301n y un formulario con los datos personales.<\/p>\n<p><iframe loading=\"lazy\" title=\"Norges musikkh\u00f8gskole (NMH)\" width=\"1020\" height=\"574\" src=\"https:\/\/www.youtube.com\/embed\/UGk252mm78c?feature=oembed\" frameborder=\"0\" allow=\"accelerometer; autoplay; clipboard-write; encrypted-media; gyroscope; picture-in-picture; web-share\" referrerpolicy=\"strict-origin-when-cross-origin\" allowfullscreen><\/iframe><\/p>\n<p>Las pruebas consistieron en interpretar la exposicio\u0301n del primer y segundo movimiento de Mozart, la exposicio\u0301n del primer movimiento de Strauss y una obra contempora\u0301nea, en mi caso toque\u0301 la primera y quinta de las piezas para oboe solo de Dorati. En el jurado se encontraban 5 personas, los profesores de oboe y flauta.<\/p>\n<p>Pasadas dos semanas recibi\u0301 los resultados de las pruebas diciendo que se me ofreci\u0301a una plaza para el ma\u0301ster. En esos momentos la alegri\u0301a era tremenda, nuevo proyecto a la vista y muchas cosas que preparar.<\/p>\n<p>Para residir en Noruega como estudiante de la EU necesitas registrarte como residente en la oficina de inmigracio\u0301n en los que se te piden los documentos habituales, documento que demuestre que esta\u0301s estudiando en Noruega, contrato de alquiler, carta de una entidad financiera en Espan\u0303a que demuestre que tienes los recursos necesarios para vivir en Noruega, pasaporte&#8230;<\/p>\n<p>El proceso desde pedir cita a que obtienes el nu\u0301mero de residente suele tardar entre 2 y 3 meses. Sin ese nu\u0301mero no puedes realizar muchos tra\u0301mites en Noruega, abrir cuenta en un banco, tener nu\u0301mero de tele\u0301fono noruego, facturar por trabajos&#8230;<\/p>\n<p>Los 2 primeros meses del ma\u0301ster se pierden haciendo tra\u0301mites burocra\u0301ticos en todas partes, la academia de mu\u0301sica, embajada, oficina de inmigracio\u0301n ,oficina de trabajo &#8230;<\/p>\n<p>A lo que se refiere al ma\u0301ster creo que el sistema que utilizan en Noruega es un poco demasiado relajado, senti\u0301 que desde el centro no te marcaban ningu\u0301n objetivo, teni\u0301as que ser tu\u0301 el que decidiera el camino a seguir. Senti\u0301 que mi primer profesor con el que trabaj\u00e9 el primer an\u0303o y medio no teni\u0301a una metodologi\u0301a clara, cosa que eche\u0301 mucho de menos de mi tiempo en el Liceo.<\/p>\n<p><iframe loading=\"lazy\" title=\"mozart 1st satz\" width=\"1020\" height=\"574\" src=\"https:\/\/www.youtube.com\/embed\/fFvPaqqNsKU?feature=oembed\" frameborder=\"0\" allow=\"accelerometer; autoplay; clipboard-write; encrypted-media; gyroscope; picture-in-picture; web-share\" referrerpolicy=\"strict-origin-when-cross-origin\" allowfullscreen><\/iframe><\/p>\n<p>El u\u0301ltimo semestre mi profesor se jubilo\u0301, y pusieron a Pavel Sokolov, con el que senti\u0301 ma\u0301s afinidad pero que no tuvimos el tiempo suficiente para trabajar de la forma ma\u0301s o\u0301ptima ya que en 6 meses tuve que adaptarme a su forma de trabajo y la preparacio\u0301n del recital de final de ma\u0301ster.<\/p>\n<p>Cuando E\u0301ric me dijo ma\u0301s o menos los temas a tratar, una de las preguntas era, si volveri\u0301a a hacerlo otra vez, y la respuesta es que si\u0301. Ya son casi 8 an\u0303os que vine a Noruega. Noruega es un pai\u0301s que a lo mejor no es para todo el mundo, el tiempo, la gente, el coste de la vida son factores que influyen mucho. El tema del trabajo, como freelance en mi caso me he tenido que reinventar, de bolos en mi caso so\u0301lo no puedo vivir, pero lo compagino trabajando como foto\u0301grafo a tiempo parcial para una compan\u0303i\u0301a y haciendo mis propios proyectos fotogra\u0301ficos, enfocado especialmente en m\u00fasicos como pod\u00e9is ver en web <a href=\"http:\/\/www.calmvidalphotography.com\" target=\"_blank\" rel=\"noopener noreferrer\">www.calmvidalphotography.com<\/a> tambi\u00e9n mi pagina de <a href=\"https:\/\/www.facebook.com\/CalmVidalPhotography\" target=\"_blank\" rel=\"noopener noreferrer\">Facebook<\/a> o en mi instagram\u00a0@calm_vidal_photography<\/p>\n<p>Gracias a los conciertos y la fotografi\u0301a se me queda un sueldo suficiente como para tener una vida digna en Noruega.<\/p>\n<p>Para cualquier duda no dude\u0301is en contactarme. Un abrazo,<\/p>\n<p>Lluis.<\/p>\n<\/div>\n<\/div>\n<\/div>\n<\/div>\n<div class=\"page\" title=\"Page 2\">\n<div class=\"section\">\n<div class=\"layoutArea\">\n<div class=\"column\">\n<p><img loading=\"lazy\" decoding=\"async\" class=\"aligncenter size-large wp-image-38906\" src=\"http:\/\/eg-reeds.com\/wp-content\/uploads\/2020\/01\/Lluis-Calm-oboe-photos-1-1024x796.png\" alt=\"\" width=\"1020\" height=\"793\" srcset=\"https:\/\/eg-reeds.com\/wp-content\/uploads\/2020\/01\/Lluis-Calm-oboe-photos-1-1024x796.png 1024w, https:\/\/eg-reeds.com\/wp-content\/uploads\/2020\/01\/Lluis-Calm-oboe-photos-1-600x467.png 600w, https:\/\/eg-reeds.com\/wp-content\/uploads\/2020\/01\/Lluis-Calm-oboe-photos-1-300x233.png 300w, https:\/\/eg-reeds.com\/wp-content\/uploads\/2020\/01\/Lluis-Calm-oboe-photos-1-768x597.png 768w, https:\/\/eg-reeds.com\/wp-content\/uploads\/2020\/01\/Lluis-Calm-oboe-photos-1-1536x1194.png 1536w, https:\/\/eg-reeds.com\/wp-content\/uploads\/2020\/01\/Lluis-Calm-oboe-photos-1-510x397.png 510w, https:\/\/eg-reeds.com\/wp-content\/uploads\/2020\/01\/Lluis-Calm-oboe-photos-1.png 1618w\" sizes=\"auto, (max-width: 1020px) 100vw, 1020px\" \/><\/p>\n<\/div>\n<p>&nbsp;<\/p>\n<p>Fotos: Lluis Calm Vidal <a href=\"https:\/\/www.calmvidalphotography.com\/\" target=\"_blank\" rel=\"noopener noreferrer\">https:\/\/www.calmvidalphotography.com\/<\/a><\/p>\n<\/div>\n<\/div>\n<\/div>\n<p>&#8212;<\/p>\n<p>Puedes leer m\u00e1s post de <a href=\"https:\/\/eg-reeds.com\/es\/category\/colaboradores\/\" target=\"_blank\" rel=\"noopener noreferrer\">colaboradores en nuestro blog.<\/a><\/p>\n","protected":false},"excerpt":{"rendered":"<p>Lluis Calm Vidal &#8211; Noruega &#8211; Con el oboe por el mundo. Hoy traemos la historia de un obo\u00edsta espa\u00f1ol que vive en el extranjero y nos cuenta su experiencia. Si est\u00e1s interesad@ en contarnos tu historia ponte en contacto con nosotros en el correo info@eg-reeds.com. Desde EG-REEDS agradecemos mucho a Lluis Calm su colaboraci\u00f3n [&#8230;]\n","protected":false},"author":1,"featured_media":38877,"comment_status":"open","ping_status":"closed","sticky":false,"template":"","format":"standard","meta":{"footnotes":""},"categories":[1933],"tags":[],"class_list":["post-38892","post","type-post","status-publish","format-standard","has-post-thumbnail","hentry","category-entrevistas"],"yoast_head":"<!-- This site is optimized with the Yoast SEO Premium plugin v27.0 (Yoast SEO v27.4) - https:\/\/yoast.com\/product\/yoast-seo-premium-wordpress\/ -->\n<title>Lluis Calm Vidal - Noruega - Con el oboe por el mundo - www.eg-reeds.com<\/title>\n<meta name=\"description\" content=\"Lluis Calm Vidal nos cuenta su experiencia en Noruega estudiando oboe en la Academia de Oslo con Erik Niord Larsen y Pavel Sokolov.\" \/>\n<meta name=\"robots\" content=\"index, follow, max-snippet:-1, max-image-preview:large, max-video-preview:-1\" \/>\n<link rel=\"canonical\" href=\"https:\/\/eg-reeds.com\/es\/lluis-calm-vidal-noruega-con-el-oboe-por-el-mundo\/\" \/>\n<meta property=\"og:locale\" content=\"es_ES\" \/>\n<meta property=\"og:type\" content=\"article\" \/>\n<meta property=\"og:title\" content=\"Lluis Calm Vidal - Noruega - Con el oboe por el mundo\" \/>\n<meta property=\"og:description\" content=\"Lluis Calm Vidal nos cuenta su experiencia en Noruega estudiando oboe en la Academia de Oslo con Erik Niord Larsen y Pavel Sokolov.\" \/>\n<meta property=\"og:url\" content=\"https:\/\/eg-reeds.com\/es\/lluis-calm-vidal-noruega-con-el-oboe-por-el-mundo\/\" \/>\n<meta property=\"og:site_name\" content=\"www.eg-reeds.com\" \/>\n<meta property=\"article:publisher\" content=\"https:\/\/www.facebook.com\/EGREEDS\" \/>\n<meta property=\"article:published_time\" content=\"2020-01-27T07:38:29+00:00\" \/>\n<meta property=\"article:modified_time\" content=\"2025-02-20T09:47:00+00:00\" \/>\n<meta property=\"og:image\" content=\"https:\/\/eg-reeds.com\/wp-content\/uploads\/2020\/01\/Lluis-Calm-Vidal-oboe-scaled.jpg\" \/>\n\t<meta property=\"og:image:width\" content=\"2560\" \/>\n\t<meta property=\"og:image:height\" content=\"1695\" \/>\n\t<meta property=\"og:image:type\" content=\"image\/jpeg\" \/>\n<meta name=\"author\" content=\"\u00c9ric Gonz\u00e1lez\" \/>\n<meta name=\"twitter:card\" content=\"summary_large_image\" \/>\n<meta name=\"twitter:creator\" content=\"@egreeds\" \/>\n<meta name=\"twitter:site\" content=\"@egreeds\" \/>\n<meta name=\"twitter:label1\" content=\"Escrito por\" \/>\n\t<meta name=\"twitter:data1\" content=\"\u00c9ric Gonz\u00e1lez\" \/>\n\t<meta name=\"twitter:label2\" content=\"Tiempo de lectura\" \/>\n\t<meta name=\"twitter:data2\" content=\"5 minutos\" \/>\n<script type=\"application\/ld+json\" class=\"yoast-schema-graph\">{\"@context\":\"https:\\\/\\\/schema.org\",\"@graph\":[{\"@type\":\"Article\",\"@id\":\"https:\\\/\\\/eg-reeds.com\\\/es\\\/lluis-calm-vidal-noruega-con-el-oboe-por-el-mundo\\\/#article\",\"isPartOf\":{\"@id\":\"https:\\\/\\\/eg-reeds.com\\\/es\\\/lluis-calm-vidal-noruega-con-el-oboe-por-el-mundo\\\/\"},\"author\":{\"name\":\"\u00c9ric Gonz\u00e1lez\",\"@id\":\"https:\\\/\\\/eg-reeds.com\\\/es\\\/#\\\/schema\\\/person\\\/dba1f0630a37fc591e447a789cdbfe2b\"},\"headline\":\"Lluis Calm Vidal &#8211; Noruega &#8211; Con el oboe por el mundo\",\"datePublished\":\"2020-01-27T07:38:29+00:00\",\"dateModified\":\"2025-02-20T09:47:00+00:00\",\"mainEntityOfPage\":{\"@id\":\"https:\\\/\\\/eg-reeds.com\\\/es\\\/lluis-calm-vidal-noruega-con-el-oboe-por-el-mundo\\\/\"},\"wordCount\":993,\"commentCount\":0,\"publisher\":{\"@id\":\"https:\\\/\\\/eg-reeds.com\\\/es\\\/#organization\"},\"image\":{\"@id\":\"https:\\\/\\\/eg-reeds.com\\\/es\\\/lluis-calm-vidal-noruega-con-el-oboe-por-el-mundo\\\/#primaryimage\"},\"thumbnailUrl\":\"https:\\\/\\\/eg-reeds.com\\\/wp-content\\\/uploads\\\/2020\\\/01\\\/Lluis-Calm-Vidal-oboe-scaled.jpg\",\"articleSection\":[\"Entrevistas\"],\"inLanguage\":\"es\",\"potentialAction\":[{\"@type\":\"CommentAction\",\"name\":\"Comment\",\"target\":[\"https:\\\/\\\/eg-reeds.com\\\/es\\\/lluis-calm-vidal-noruega-con-el-oboe-por-el-mundo\\\/#respond\"]}]},{\"@type\":\"WebPage\",\"@id\":\"https:\\\/\\\/eg-reeds.com\\\/es\\\/lluis-calm-vidal-noruega-con-el-oboe-por-el-mundo\\\/\",\"url\":\"https:\\\/\\\/eg-reeds.com\\\/es\\\/lluis-calm-vidal-noruega-con-el-oboe-por-el-mundo\\\/\",\"name\":\"Lluis Calm Vidal - Noruega - Con el oboe por el mundo - www.eg-reeds.com\",\"isPartOf\":{\"@id\":\"https:\\\/\\\/eg-reeds.com\\\/es\\\/#website\"},\"primaryImageOfPage\":{\"@id\":\"https:\\\/\\\/eg-reeds.com\\\/es\\\/lluis-calm-vidal-noruega-con-el-oboe-por-el-mundo\\\/#primaryimage\"},\"image\":{\"@id\":\"https:\\\/\\\/eg-reeds.com\\\/es\\\/lluis-calm-vidal-noruega-con-el-oboe-por-el-mundo\\\/#primaryimage\"},\"thumbnailUrl\":\"https:\\\/\\\/eg-reeds.com\\\/wp-content\\\/uploads\\\/2020\\\/01\\\/Lluis-Calm-Vidal-oboe-scaled.jpg\",\"datePublished\":\"2020-01-27T07:38:29+00:00\",\"dateModified\":\"2025-02-20T09:47:00+00:00\",\"description\":\"Lluis Calm Vidal nos cuenta su experiencia en Noruega estudiando oboe en la Academia de Oslo con Erik Niord Larsen y Pavel Sokolov.\",\"breadcrumb\":{\"@id\":\"https:\\\/\\\/eg-reeds.com\\\/es\\\/lluis-calm-vidal-noruega-con-el-oboe-por-el-mundo\\\/#breadcrumb\"},\"inLanguage\":\"es\",\"potentialAction\":[{\"@type\":\"ReadAction\",\"target\":[\"https:\\\/\\\/eg-reeds.com\\\/es\\\/lluis-calm-vidal-noruega-con-el-oboe-por-el-mundo\\\/\"]}]},{\"@type\":\"ImageObject\",\"inLanguage\":\"es\",\"@id\":\"https:\\\/\\\/eg-reeds.com\\\/es\\\/lluis-calm-vidal-noruega-con-el-oboe-por-el-mundo\\\/#primaryimage\",\"url\":\"https:\\\/\\\/eg-reeds.com\\\/wp-content\\\/uploads\\\/2020\\\/01\\\/Lluis-Calm-Vidal-oboe-scaled.jpg\",\"contentUrl\":\"https:\\\/\\\/eg-reeds.com\\\/wp-content\\\/uploads\\\/2020\\\/01\\\/Lluis-Calm-Vidal-oboe-scaled.jpg\",\"width\":2560,\"height\":1695,\"caption\":\"Lluis Calm oboe\"},{\"@type\":\"BreadcrumbList\",\"@id\":\"https:\\\/\\\/eg-reeds.com\\\/es\\\/lluis-calm-vidal-noruega-con-el-oboe-por-el-mundo\\\/#breadcrumb\",\"itemListElement\":[{\"@type\":\"ListItem\",\"position\":1,\"name\":\"Inicio\",\"item\":\"https:\\\/\\\/eg-reeds.com\\\/es\\\/tienda\\\/\"},{\"@type\":\"ListItem\",\"position\":2,\"name\":\"Lluis Calm Vidal &#8211; Noruega &#8211; Con el oboe por el mundo\"}]},{\"@type\":\"WebSite\",\"@id\":\"https:\\\/\\\/eg-reeds.com\\\/es\\\/#website\",\"url\":\"https:\\\/\\\/eg-reeds.com\\\/es\\\/\",\"name\":\"www.eg-reeds.com\",\"description\":\"Ca\u00f1as oboe\",\"publisher\":{\"@id\":\"https:\\\/\\\/eg-reeds.com\\\/es\\\/#organization\"},\"alternateName\":\"eg-reeds.com\",\"potentialAction\":[{\"@type\":\"SearchAction\",\"target\":{\"@type\":\"EntryPoint\",\"urlTemplate\":\"https:\\\/\\\/eg-reeds.com\\\/es\\\/?s={search_term_string}\"},\"query-input\":{\"@type\":\"PropertyValueSpecification\",\"valueRequired\":true,\"valueName\":\"search_term_string\"}}],\"inLanguage\":\"es\"},{\"@type\":\"Organization\",\"@id\":\"https:\\\/\\\/eg-reeds.com\\\/es\\\/#organization\",\"name\":\"www.eg-reeds.com\",\"url\":\"https:\\\/\\\/eg-reeds.com\\\/es\\\/\",\"logo\":{\"@type\":\"ImageObject\",\"inLanguage\":\"es\",\"@id\":\"https:\\\/\\\/eg-reeds.com\\\/es\\\/#\\\/schema\\\/logo\\\/image\\\/\",\"url\":\"https:\\\/\\\/eg-reeds.com\\\/wp-content\\\/uploads\\\/2024\\\/06\\\/Logo-scaled-e1718793906611.jpg\",\"contentUrl\":\"https:\\\/\\\/eg-reeds.com\\\/wp-content\\\/uploads\\\/2024\\\/06\\\/Logo-scaled-e1718793906611.jpg\",\"width\":1200,\"height\":493,\"caption\":\"www.eg-reeds.com\"},\"image\":{\"@id\":\"https:\\\/\\\/eg-reeds.com\\\/es\\\/#\\\/schema\\\/logo\\\/image\\\/\"},\"sameAs\":[\"https:\\\/\\\/www.facebook.com\\\/EGREEDS\",\"https:\\\/\\\/x.com\\\/egreeds\",\"https:\\\/\\\/www.instagram.com\\\/egreeds\\\/\",\"https:\\\/\\\/www.youtube.com\\\/c\\\/EGREEDS\",\"https:\\\/\\\/www.threads.net\\\/@egreeds\",\"https:\\\/\\\/www.tiktok.com\\\/@egreeds\"]},{\"@type\":\"Person\",\"@id\":\"https:\\\/\\\/eg-reeds.com\\\/es\\\/#\\\/schema\\\/person\\\/dba1f0630a37fc591e447a789cdbfe2b\",\"name\":\"\u00c9ric Gonz\u00e1lez\",\"image\":{\"@type\":\"ImageObject\",\"inLanguage\":\"es\",\"@id\":\"https:\\\/\\\/secure.gravatar.com\\\/avatar\\\/f4cb32ced7ebea7949fa6b0ce026e8669193e020e041d77ac4507307974445a4?s=96&d=mm&r=g\",\"url\":\"https:\\\/\\\/secure.gravatar.com\\\/avatar\\\/f4cb32ced7ebea7949fa6b0ce026e8669193e020e041d77ac4507307974445a4?s=96&d=mm&r=g\",\"contentUrl\":\"https:\\\/\\\/secure.gravatar.com\\\/avatar\\\/f4cb32ced7ebea7949fa6b0ce026e8669193e020e041d77ac4507307974445a4?s=96&d=mm&r=g\",\"caption\":\"\u00c9ric Gonz\u00e1lez\"},\"url\":\"https:\\\/\\\/eg-reeds.com\\\/es\\\/author\\\/eric-gonzalez-oboe\\\/\"}]}<\/script>\n<!-- \/ Yoast SEO Premium plugin. -->","yoast_head_json":{"title":"Lluis Calm Vidal - Noruega - Con el oboe por el mundo - www.eg-reeds.com","description":"Lluis Calm Vidal nos cuenta su experiencia en Noruega estudiando oboe en la Academia de Oslo con Erik Niord Larsen y Pavel Sokolov.","robots":{"index":"index","follow":"follow","max-snippet":"max-snippet:-1","max-image-preview":"max-image-preview:large","max-video-preview":"max-video-preview:-1"},"canonical":"https:\/\/eg-reeds.com\/es\/lluis-calm-vidal-noruega-con-el-oboe-por-el-mundo\/","og_locale":"es_ES","og_type":"article","og_title":"Lluis Calm Vidal - Noruega - Con el oboe por el mundo","og_description":"Lluis Calm Vidal nos cuenta su experiencia en Noruega estudiando oboe en la Academia de Oslo con Erik Niord Larsen y Pavel Sokolov.","og_url":"https:\/\/eg-reeds.com\/es\/lluis-calm-vidal-noruega-con-el-oboe-por-el-mundo\/","og_site_name":"www.eg-reeds.com","article_publisher":"https:\/\/www.facebook.com\/EGREEDS","article_published_time":"2020-01-27T07:38:29+00:00","article_modified_time":"2025-02-20T09:47:00+00:00","og_image":[{"width":2560,"height":1695,"url":"https:\/\/eg-reeds.com\/wp-content\/uploads\/2020\/01\/Lluis-Calm-Vidal-oboe-scaled.jpg","type":"image\/jpeg"}],"author":"\u00c9ric Gonz\u00e1lez","twitter_card":"summary_large_image","twitter_creator":"@egreeds","twitter_site":"@egreeds","twitter_misc":{"Escrito por":"\u00c9ric Gonz\u00e1lez","Tiempo de lectura":"5 minutos"},"schema":{"@context":"https:\/\/schema.org","@graph":[{"@type":"Article","@id":"https:\/\/eg-reeds.com\/es\/lluis-calm-vidal-noruega-con-el-oboe-por-el-mundo\/#article","isPartOf":{"@id":"https:\/\/eg-reeds.com\/es\/lluis-calm-vidal-noruega-con-el-oboe-por-el-mundo\/"},"author":{"name":"\u00c9ric Gonz\u00e1lez","@id":"https:\/\/eg-reeds.com\/es\/#\/schema\/person\/dba1f0630a37fc591e447a789cdbfe2b"},"headline":"Lluis Calm Vidal &#8211; Noruega &#8211; Con el oboe por el mundo","datePublished":"2020-01-27T07:38:29+00:00","dateModified":"2025-02-20T09:47:00+00:00","mainEntityOfPage":{"@id":"https:\/\/eg-reeds.com\/es\/lluis-calm-vidal-noruega-con-el-oboe-por-el-mundo\/"},"wordCount":993,"commentCount":0,"publisher":{"@id":"https:\/\/eg-reeds.com\/es\/#organization"},"image":{"@id":"https:\/\/eg-reeds.com\/es\/lluis-calm-vidal-noruega-con-el-oboe-por-el-mundo\/#primaryimage"},"thumbnailUrl":"https:\/\/eg-reeds.com\/wp-content\/uploads\/2020\/01\/Lluis-Calm-Vidal-oboe-scaled.jpg","articleSection":["Entrevistas"],"inLanguage":"es","potentialAction":[{"@type":"CommentAction","name":"Comment","target":["https:\/\/eg-reeds.com\/es\/lluis-calm-vidal-noruega-con-el-oboe-por-el-mundo\/#respond"]}]},{"@type":"WebPage","@id":"https:\/\/eg-reeds.com\/es\/lluis-calm-vidal-noruega-con-el-oboe-por-el-mundo\/","url":"https:\/\/eg-reeds.com\/es\/lluis-calm-vidal-noruega-con-el-oboe-por-el-mundo\/","name":"Lluis Calm Vidal - Noruega - Con el oboe por el mundo - www.eg-reeds.com","isPartOf":{"@id":"https:\/\/eg-reeds.com\/es\/#website"},"primaryImageOfPage":{"@id":"https:\/\/eg-reeds.com\/es\/lluis-calm-vidal-noruega-con-el-oboe-por-el-mundo\/#primaryimage"},"image":{"@id":"https:\/\/eg-reeds.com\/es\/lluis-calm-vidal-noruega-con-el-oboe-por-el-mundo\/#primaryimage"},"thumbnailUrl":"https:\/\/eg-reeds.com\/wp-content\/uploads\/2020\/01\/Lluis-Calm-Vidal-oboe-scaled.jpg","datePublished":"2020-01-27T07:38:29+00:00","dateModified":"2025-02-20T09:47:00+00:00","description":"Lluis Calm Vidal nos cuenta su experiencia en Noruega estudiando oboe en la Academia de Oslo con Erik Niord Larsen y Pavel Sokolov.","breadcrumb":{"@id":"https:\/\/eg-reeds.com\/es\/lluis-calm-vidal-noruega-con-el-oboe-por-el-mundo\/#breadcrumb"},"inLanguage":"es","potentialAction":[{"@type":"ReadAction","target":["https:\/\/eg-reeds.com\/es\/lluis-calm-vidal-noruega-con-el-oboe-por-el-mundo\/"]}]},{"@type":"ImageObject","inLanguage":"es","@id":"https:\/\/eg-reeds.com\/es\/lluis-calm-vidal-noruega-con-el-oboe-por-el-mundo\/#primaryimage","url":"https:\/\/eg-reeds.com\/wp-content\/uploads\/2020\/01\/Lluis-Calm-Vidal-oboe-scaled.jpg","contentUrl":"https:\/\/eg-reeds.com\/wp-content\/uploads\/2020\/01\/Lluis-Calm-Vidal-oboe-scaled.jpg","width":2560,"height":1695,"caption":"Lluis Calm oboe"},{"@type":"BreadcrumbList","@id":"https:\/\/eg-reeds.com\/es\/lluis-calm-vidal-noruega-con-el-oboe-por-el-mundo\/#breadcrumb","itemListElement":[{"@type":"ListItem","position":1,"name":"Inicio","item":"https:\/\/eg-reeds.com\/es\/tienda\/"},{"@type":"ListItem","position":2,"name":"Lluis Calm Vidal &#8211; Noruega &#8211; Con el oboe por el mundo"}]},{"@type":"WebSite","@id":"https:\/\/eg-reeds.com\/es\/#website","url":"https:\/\/eg-reeds.com\/es\/","name":"www.eg-reeds.com","description":"Ca\u00f1as oboe","publisher":{"@id":"https:\/\/eg-reeds.com\/es\/#organization"},"alternateName":"eg-reeds.com","potentialAction":[{"@type":"SearchAction","target":{"@type":"EntryPoint","urlTemplate":"https:\/\/eg-reeds.com\/es\/?s={search_term_string}"},"query-input":{"@type":"PropertyValueSpecification","valueRequired":true,"valueName":"search_term_string"}}],"inLanguage":"es"},{"@type":"Organization","@id":"https:\/\/eg-reeds.com\/es\/#organization","name":"www.eg-reeds.com","url":"https:\/\/eg-reeds.com\/es\/","logo":{"@type":"ImageObject","inLanguage":"es","@id":"https:\/\/eg-reeds.com\/es\/#\/schema\/logo\/image\/","url":"https:\/\/eg-reeds.com\/wp-content\/uploads\/2024\/06\/Logo-scaled-e1718793906611.jpg","contentUrl":"https:\/\/eg-reeds.com\/wp-content\/uploads\/2024\/06\/Logo-scaled-e1718793906611.jpg","width":1200,"height":493,"caption":"www.eg-reeds.com"},"image":{"@id":"https:\/\/eg-reeds.com\/es\/#\/schema\/logo\/image\/"},"sameAs":["https:\/\/www.facebook.com\/EGREEDS","https:\/\/x.com\/egreeds","https:\/\/www.instagram.com\/egreeds\/","https:\/\/www.youtube.com\/c\/EGREEDS","https:\/\/www.threads.net\/@egreeds","https:\/\/www.tiktok.com\/@egreeds"]},{"@type":"Person","@id":"https:\/\/eg-reeds.com\/es\/#\/schema\/person\/dba1f0630a37fc591e447a789cdbfe2b","name":"\u00c9ric Gonz\u00e1lez","image":{"@type":"ImageObject","inLanguage":"es","@id":"https:\/\/secure.gravatar.com\/avatar\/f4cb32ced7ebea7949fa6b0ce026e8669193e020e041d77ac4507307974445a4?s=96&d=mm&r=g","url":"https:\/\/secure.gravatar.com\/avatar\/f4cb32ced7ebea7949fa6b0ce026e8669193e020e041d77ac4507307974445a4?s=96&d=mm&r=g","contentUrl":"https:\/\/secure.gravatar.com\/avatar\/f4cb32ced7ebea7949fa6b0ce026e8669193e020e041d77ac4507307974445a4?s=96&d=mm&r=g","caption":"\u00c9ric Gonz\u00e1lez"},"url":"https:\/\/eg-reeds.com\/es\/author\/eric-gonzalez-oboe\/"}]}},"_links":{"self":[{"href":"https:\/\/eg-reeds.com\/es\/wp-json\/wp\/v2\/posts\/38892","targetHints":{"allow":["GET"]}}],"collection":[{"href":"https:\/\/eg-reeds.com\/es\/wp-json\/wp\/v2\/posts"}],"about":[{"href":"https:\/\/eg-reeds.com\/es\/wp-json\/wp\/v2\/types\/post"}],"author":[{"embeddable":true,"href":"https:\/\/eg-reeds.com\/es\/wp-json\/wp\/v2\/users\/1"}],"replies":[{"embeddable":true,"href":"https:\/\/eg-reeds.com\/es\/wp-json\/wp\/v2\/comments?post=38892"}],"version-history":[{"count":0,"href":"https:\/\/eg-reeds.com\/es\/wp-json\/wp\/v2\/posts\/38892\/revisions"}],"wp:featuredmedia":[{"embeddable":true,"href":"https:\/\/eg-reeds.com\/es\/wp-json\/wp\/v2\/media\/38877"}],"wp:attachment":[{"href":"https:\/\/eg-reeds.com\/es\/wp-json\/wp\/v2\/media?parent=38892"}],"wp:term":[{"taxonomy":"category","embeddable":true,"href":"https:\/\/eg-reeds.com\/es\/wp-json\/wp\/v2\/categories?post=38892"},{"taxonomy":"post_tag","embeddable":true,"href":"https:\/\/eg-reeds.com\/es\/wp-json\/wp\/v2\/tags?post=38892"}],"curies":[{"name":"wp","href":"https:\/\/api.w.org\/{rel}","templated":true}]}}