{"id":39038,"date":"2020-02-12T09:33:06","date_gmt":"2020-02-12T07:33:06","guid":{"rendered":"http:\/\/eg-reeds.com\/?p=39038"},"modified":"2025-02-20T10:39:17","modified_gmt":"2025-02-20T09:39:17","slug":"obocyl-2020-14-y-15-de-marzo-en-ponferrada","status":"publish","type":"post","link":"https:\/\/eg-reeds.com\/es\/obocyl-2020-14-y-15-de-marzo-en-ponferrada\/","title":{"rendered":"OboCyL 2020 14 y 15 de Marzo en Ponferrada."},"content":{"rendered":"<h3 style=\"text-align: center;\"><span style=\"color: #ed1c24;\">ACTUALIZACI\u00d3N 11\/03\/2020 &#8211; Este evento ha sido APLAZADO por la organizaci\u00f3n. Os informaremos cuando sepamos las nuevas fechas. Los que ya hab\u00edais hecho pedidos no os preocup\u00e9is, os contactaremos para enviaros gratuitamente vuestros pedidos a casa.<\/span><\/h3>\n<h1>\t<div id=\"gap-987448869\" class=\"gap-element clearfix\" style=\"display:block; height:auto;\">\n\t\t\n<style>\n#gap-987448869 {\n  padding-top: 60px;\n}\n<\/style>\n\t<\/div>\n\t<\/h1>\n<h1><strong>OboCyL 2020 14 y 15 de Marzo en Ponferrada.<\/strong><\/h1>\n<p class=\"p1\">El d\u00eda <strong>14 y 15 de Marzo<\/strong>\u00a0estaremos en el <em><strong>IV Encuentro de oboes de Castilla y Le\u00f3n <\/strong><\/em>en Ponferrada, OboCyL 2020. Ven a visitarnos y a conocer m\u00e1s sobre nuestro trabajo y nuestros <a href=\"http:\/\/eg-reeds.com\/es\" target=\"_blank\" rel=\"noopener noreferrer\">productos<\/a>, resolver tus dudas sobre ca\u00f1as y a probar nuestros nuevos\u00a0<a href=\"https:\/\/eg-reeds.com\/es\/oboes-iniciacion-eg-reeds\" target=\"_blank\" rel=\"noopener noreferrer\">oboes de iniciaci\u00f3n EG-REEDS y semiprofesionales.<\/a><\/p>\n\n  <div class=\"banner has-hover\" id=\"banner-310209763\">\n          <div class=\"banner-inner fill\">\n        <div class=\"banner-bg fill\" 0>\n            <img loading=\"lazy\" decoding=\"async\" width=\"1020\" height=\"867\" src=\"https:\/\/eg-reeds.com\/wp-content\/uploads\/2018\/09\/oboe-beginner-1024x870.jpg\" class=\"bg attachment-large size-large\" alt=\"oboe beginner\" \/>                                    \n                    <\/div>\n\t\t\n        <div class=\"banner-layers container\">\n            <div class=\"fill banner-link\"><\/div>               <div id=\"text-box-1248986528\" class=\"text-box banner-layer x50 md-x50 lg-x50 y50 md-y50 lg-y50 res-text\">\n                                <div class=\"text-box-content text dark\">\n              \n              <div class=\"text-inner text-center\">\n                                <\/div>\n           <\/div>\n                            \n<style>\n#text-box-1248986528 {\n  width: 60%;\n}\n#text-box-1248986528 .text-box-content {\n  font-size: 100%;\n}\n<\/style>\n    <\/div>\n \n        <\/div>\n      <\/div>\n\n            \n<style>\n#banner-310209763 {\n  padding-top: 500px;\n}\n<\/style>\n  <\/div>\n\n\n<p class=\"p1\">Si quieres puedes hacer tu pedido en nuestra <a href=\"http:\/\/eg-reeds.com\" target=\"_blank\" rel=\"noopener noreferrer\">web<\/a> y recogerlo all\u00ed durante el encuentro, solo tienes que poner\u00a0el cup\u00f3n <strong>obocyl2020<\/strong>\u00a0a la hora de finalizar tu pedido y autom\u00e1ticamente saldr\u00e1 sin gastos de env\u00edo. Por los tiempos de fabricaci\u00f3n, el cup\u00f3n solo es v\u00e1lido para pedidos <strong><em>hasta el mi\u00e9rcoles 11 de Marzo<\/em><\/strong>. Para cualquier duda contacta con nosotros en el email\u00a0<a href=\"mailto:info@eg-reeds.com\" target=\"_blank\" rel=\"noopener noreferrer\">info@eg-reeds.com\u00a0<\/a><\/p>\n<p><img loading=\"lazy\" decoding=\"async\" class=\"aligncenter wp-image-39039 size-large\" src=\"http:\/\/eg-reeds.com\/wp-content\/uploads\/2019\/01\/obocyl2020-Ponferrada-1024x237.png\" alt=\"cup\u00f3n obocyl 2020\" width=\"1020\" height=\"236\" srcset=\"https:\/\/eg-reeds.com\/wp-content\/uploads\/2019\/01\/obocyl2020-Ponferrada-1024x237.png 1024w, https:\/\/eg-reeds.com\/wp-content\/uploads\/2019\/01\/obocyl2020-Ponferrada-600x139.png 600w, https:\/\/eg-reeds.com\/wp-content\/uploads\/2019\/01\/obocyl2020-Ponferrada-300x69.png 300w, https:\/\/eg-reeds.com\/wp-content\/uploads\/2019\/01\/obocyl2020-Ponferrada-768x178.png 768w, https:\/\/eg-reeds.com\/wp-content\/uploads\/2019\/01\/obocyl2020-Ponferrada-1536x356.png 1536w, https:\/\/eg-reeds.com\/wp-content\/uploads\/2019\/01\/obocyl2020-Ponferrada-2048x474.png 2048w, https:\/\/eg-reeds.com\/wp-content\/uploads\/2019\/01\/obocyl2020-Ponferrada-510x118.png 510w\" sizes=\"auto, (max-width: 1020px) 100vw, 1020px\" \/><\/p>\n\n  \n    <div class=\"row large-columns-4 medium-columns-3 small-columns-2 row-small slider row-slider slider-nav-reveal\"  data-flickity-options='{&quot;imagesLoaded&quot;: true, &quot;groupCells&quot;: &quot;100%&quot;, &quot;dragThreshold&quot; : 5, &quot;cellAlign&quot;: &quot;left&quot;,&quot;wrapAround&quot;: true,&quot;prevNextButtons&quot;: true,&quot;percentPosition&quot;: true,&quot;pageDots&quot;: false, &quot;rightToLeft&quot;: false, &quot;autoPlay&quot; : false}' >\n\n  <div class=\"product-category col\" >\n            <div class=\"col-inner\">\n              <a aria-label=\"Visitar la categor\u00eda de producto Ca\u00f1as profesionales\" href=\"https:\/\/eg-reeds.com\/es\/categoria-producto\/canas-profesionales\/\">                <div class=\"box box-category has-hover box-badge hover-dark \">\n                <div class=\"box-image\" >\n                  <div class=\"\" >\n                  <img loading=\"lazy\" decoding=\"async\" src=\"https:\/\/eg-reeds.com\/wp-content\/uploads\/2024\/04\/Professional-reeds-800x800.jpeg\" alt=\"Ca\u00f1as profesionales\" width=\"300\" height=\"300\" \/>                                                      <\/div>\n                <\/div>\n                <div class=\"box-text text-center\" >\n                  <div class=\"box-text-inner\">\n                      <h5 class=\"uppercase header-title\">\n                              Ca\u00f1as profesionales                      <\/h5>\n                                            <p class=\"is-xsmall uppercase count \">\n\t                                            <\/p>\n                                            \n                  <\/div>\n                <\/div>\n                <\/div>\n            <\/a>            <\/div>\n            <\/div><div class=\"product-category col\" >\n            <div class=\"col-inner\">\n              <a aria-label=\"Visitar la categor\u00eda de producto Ca\u00f1as oboe\" href=\"https:\/\/eg-reeds.com\/es\/categoria-producto\/canas-profesionales\/canas-oboe\/\">                <div class=\"box box-category has-hover box-badge hover-dark \">\n                <div class=\"box-image\" >\n                  <div class=\"\" >\n                  <img loading=\"lazy\" decoding=\"async\" src=\"https:\/\/eg-reeds.com\/wp-content\/uploads\/2017\/01\/Professional-oboe-reed-EG-REEDS-600x544.jpg\" alt=\"Ca\u00f1as oboe\" width=\"300\" height=\"300\" \/>                                                      <\/div>\n                <\/div>\n                <div class=\"box-text text-center\" >\n                  <div class=\"box-text-inner\">\n                      <h5 class=\"uppercase header-title\">\n                              Ca\u00f1as oboe                      <\/h5>\n                                            <p class=\"is-xsmall uppercase count \">\n\t                                            <\/p>\n                                            \n                  <\/div>\n                <\/div>\n                <\/div>\n            <\/a>            <\/div>\n            <\/div><div class=\"product-category col\" >\n            <div class=\"col-inner\">\n              <a aria-label=\"Visitar la categor\u00eda de producto Ca\u00f1as corno ingl\u00e9s\" href=\"https:\/\/eg-reeds.com\/es\/categoria-producto\/canas-profesionales\/canas-corno-ingles\/\">                <div class=\"box box-category has-hover box-badge hover-dark \">\n                <div class=\"box-image\" >\n                  <div class=\"\" >\n                  <img loading=\"lazy\" decoding=\"async\" src=\"https:\/\/eg-reeds.com\/wp-content\/uploads\/2017\/01\/Professional-english-horn-reeds-EG-REEDS-3-600x544.jpg\" alt=\"Ca\u00f1as corno ingl\u00e9s\" width=\"300\" height=\"300\" \/>                                                      <\/div>\n                <\/div>\n                <div class=\"box-text text-center\" >\n                  <div class=\"box-text-inner\">\n                      <h5 class=\"uppercase header-title\">\n                              Ca\u00f1as corno ingl\u00e9s                      <\/h5>\n                                            <p class=\"is-xsmall uppercase count \">\n\t                                            <\/p>\n                                            \n                  <\/div>\n                <\/div>\n                <\/div>\n            <\/a>            <\/div>\n            <\/div><div class=\"product-category col\" >\n            <div class=\"col-inner\">\n              <a aria-label=\"Visitar la categor\u00eda de producto Ca\u00f1as oboe de amor\" href=\"https:\/\/eg-reeds.com\/es\/categoria-producto\/canas-profesionales\/canas-oboe-de-amor\/\">                <div class=\"box box-category has-hover box-badge hover-dark \">\n                <div class=\"box-image\" >\n                  <div class=\"\" >\n                  <img loading=\"lazy\" decoding=\"async\" src=\"https:\/\/eg-reeds.com\/wp-content\/uploads\/2016\/11\/blank-oboe-d\u00b4amore-reed-EG-REEDS-600x544.jpg\" alt=\"Ca\u00f1as oboe de amor\" width=\"300\" height=\"300\" \/>                                                      <\/div>\n                <\/div>\n                <div class=\"box-text text-center\" >\n                  <div class=\"box-text-inner\">\n                      <h5 class=\"uppercase header-title\">\n                              Ca\u00f1as oboe de amor                      <\/h5>\n                                            <p class=\"is-xsmall uppercase count \">\n\t                                            <\/p>\n                                            \n                  <\/div>\n                <\/div>\n                <\/div>\n            <\/a>            <\/div>\n            <\/div><div class=\"product-category col\" >\n            <div class=\"col-inner\">\n              <a aria-label=\"Visitar la categor\u00eda de producto Ca\u00f1as y palas estudiante\" href=\"https:\/\/eg-reeds.com\/es\/categoria-producto\/canas-y-palas-estudiante\/\">                <div class=\"box box-category has-hover box-badge hover-dark \">\n                <div class=\"box-image\" >\n                  <div class=\"\" >\n                  <img loading=\"lazy\" decoding=\"async\" src=\"https:\/\/eg-reeds.com\/wp-content\/uploads\/2024\/04\/Student-oboe-reeds-and-cane-800x800.jpeg\" alt=\"Ca\u00f1as y palas estudiante\" width=\"300\" height=\"300\" \/>                                                      <\/div>\n                <\/div>\n                <div class=\"box-text text-center\" >\n                  <div class=\"box-text-inner\">\n                      <h5 class=\"uppercase header-title\">\n                              Ca\u00f1as y palas estudiante                      <\/h5>\n                                            <p class=\"is-xsmall uppercase count \">\n\t                                            <\/p>\n                                            \n                  <\/div>\n                <\/div>\n                <\/div>\n            <\/a>            <\/div>\n            <\/div><div class=\"product-category col\" >\n            <div class=\"col-inner\">\n              <a aria-label=\"Visitar la categor\u00eda de producto Palas\" href=\"https:\/\/eg-reeds.com\/es\/categoria-producto\/palas\/\">                <div class=\"box box-category has-hover box-badge hover-dark \">\n                <div class=\"box-image\" >\n                  <div class=\"\" >\n                  <img loading=\"lazy\" decoding=\"async\" src=\"https:\/\/eg-reeds.com\/wp-content\/uploads\/2024\/04\/Processed-oboe-cane-800x800.jpeg\" alt=\"Palas\" width=\"300\" height=\"300\" \/>                                                      <\/div>\n                <\/div>\n                <div class=\"box-text text-center\" >\n                  <div class=\"box-text-inner\">\n                      <h5 class=\"uppercase header-title\">\n                              Palas                      <\/h5>\n                                            <p class=\"is-xsmall uppercase count \">\n\t                                            <\/p>\n                                            \n                  <\/div>\n                <\/div>\n                <\/div>\n            <\/a>            <\/div>\n            <\/div><div class=\"product-category col\" >\n            <div class=\"col-inner\">\n              <a aria-label=\"Visitar la categor\u00eda de producto Palas oboe\" href=\"https:\/\/eg-reeds.com\/es\/categoria-producto\/palas\/palas-oboe\/\">                <div class=\"box box-category has-hover box-badge hover-dark \">\n                <div class=\"box-image\" >\n                  <div class=\"\" >\n                  <img loading=\"lazy\" decoding=\"async\" src=\"https:\/\/eg-reeds.com\/wp-content\/uploads\/2017\/01\/processed-oboe-cane-EG-REEDS-600x544.jpg\" alt=\"Palas oboe\" width=\"300\" height=\"300\" \/>                                                      <\/div>\n                <\/div>\n                <div class=\"box-text text-center\" >\n                  <div class=\"box-text-inner\">\n                      <h5 class=\"uppercase header-title\">\n                              Palas oboe                      <\/h5>\n                                            <p class=\"is-xsmall uppercase count \">\n\t                                            <\/p>\n                                            \n                  <\/div>\n                <\/div>\n                <\/div>\n            <\/a>            <\/div>\n            <\/div><div class=\"product-category col\" >\n            <div class=\"col-inner\">\n              <a aria-label=\"Visitar la categor\u00eda de producto Palas corno ingl\u00e9s\" href=\"https:\/\/eg-reeds.com\/es\/categoria-producto\/palas\/palas-corno-ingles\/\">                <div class=\"box box-category has-hover box-badge hover-dark \">\n                <div class=\"box-image\" >\n                  <div class=\"\" >\n                  <img loading=\"lazy\" decoding=\"async\" src=\"https:\/\/eg-reeds.com\/wp-content\/uploads\/2017\/01\/processed-englis-horn-cane-EG-REEDS-600x544.jpg\" alt=\"Palas corno ingl\u00e9s\" width=\"300\" height=\"300\" \/>                                                      <\/div>\n                <\/div>\n                <div class=\"box-text text-center\" >\n                  <div class=\"box-text-inner\">\n                      <h5 class=\"uppercase header-title\">\n                              Palas corno ingl\u00e9s                      <\/h5>\n                                            <p class=\"is-xsmall uppercase count \">\n\t                                            <\/p>\n                                            \n                  <\/div>\n                <\/div>\n                <\/div>\n            <\/a>            <\/div>\n            <\/div><div class=\"product-category col\" >\n            <div class=\"col-inner\">\n              <a aria-label=\"Visitar la categor\u00eda de producto Palas oboe de amor\" href=\"https:\/\/eg-reeds.com\/es\/categoria-producto\/palas\/palas-oboe-de-amor\/\">                <div class=\"box box-category has-hover box-badge hover-dark \">\n                <div class=\"box-image\" >\n                  <div class=\"\" >\n                  <img loading=\"lazy\" decoding=\"async\" src=\"https:\/\/eg-reeds.com\/wp-content\/uploads\/2017\/01\/processed-oboe-de-amore-cane-EG-REEDS-600x544.jpg\" alt=\"Palas oboe de amor\" width=\"300\" height=\"300\" \/>                                                      <\/div>\n                <\/div>\n                <div class=\"box-text text-center\" >\n                  <div class=\"box-text-inner\">\n                      <h5 class=\"uppercase header-title\">\n                              Palas oboe de amor                      <\/h5>\n                                            <p class=\"is-xsmall uppercase count \">\n\t                                            <\/p>\n                                            \n                  <\/div>\n                <\/div>\n                <\/div>\n            <\/a>            <\/div>\n            <\/div><div class=\"product-category col\" >\n            <div class=\"col-inner\">\n              <a aria-label=\"Visitar la categor\u00eda de producto Accesorios\" href=\"https:\/\/eg-reeds.com\/es\/categoria-producto\/accesorios\/\">                <div class=\"box box-category has-hover box-badge hover-dark \">\n                <div class=\"box-image\" >\n                  <div class=\"\" >\n                  <img loading=\"lazy\" decoding=\"async\" src=\"https:\/\/eg-reeds.com\/wp-content\/uploads\/2019\/09\/Oboe-reed-making-kit-EG-REEDS-800x800.jpg\" alt=\"Accesorios\" width=\"300\" height=\"300\" \/>                                                      <\/div>\n                <\/div>\n                <div class=\"box-text text-center\" >\n                  <div class=\"box-text-inner\">\n                      <h5 class=\"uppercase header-title\">\n                              Accesorios                      <\/h5>\n                                            <p class=\"is-xsmall uppercase count \">\n\t                                            <\/p>\n                                            \n                  <\/div>\n                <\/div>\n                <\/div>\n            <\/a>            <\/div>\n            <\/div><\/div>\n<p><a href=\"https:\/\/eg-reeds.com\/es\/obocyl-2018-24-de-febrero-segovia\/\" target=\"_blank\" rel=\"noopener noreferrer\">OboCyL 2018<\/a> y <a href=\"https:\/\/eg-reeds.com\/es\/obocyl-2019-salamanca\/\" target=\"_blank\" rel=\"noopener noreferrer\">OboCyL 2019<\/a>\u00a0 fueron\u00a0muy interesante y nos divertimos mucho, os dejamos un video del encuentro para que os anim\u00e9is a visitarnos este a\u00f1o.<\/p>\n<p>&nbsp;<\/p>\n<p style=\"text-align: center;\"><iframe loading=\"lazy\" title=\"II Encuentro de obo\u00edstas de Castilla y Le\u00f3n - OboCyL\" width=\"1020\" height=\"574\" src=\"https:\/\/www.youtube.com\/embed\/nwZ-a0SmGtQ?feature=oembed\" frameborder=\"0\" allow=\"accelerometer; autoplay; encrypted-media; gyroscope; picture-in-picture\" allowfullscreen><\/iframe><\/p>\n<p>&nbsp;<\/p>\n<h4><strong>OboCyL 2020.<\/strong><\/h4>\n<p><strong>\u00bfQu\u00e9 es OboCyl?\u00a0<\/strong><\/p>\n<p><span class=\"s1\">Se trata de un encuentro de oboes de todos los conservatorios de la comunidad de Castilla y Le\u00f3n el cual, pretende reunir a alumnos y profesores en una \u00fanica jornada para disfrutar de actividades en torno a nuestro instrumento. Esta actividad esta organizada por\u00a0Juan Manuel S\u00e1nchez (Profesor de oboe del Conservatorio Profesional de M\u00fasica de Segovia), Sebasti\u00e1n Gimeno (Solista de oboe la Orquesta Sinf\u00f3nica de Castilla y Le\u00f3n y profesor de oboe del Conservatorio Superior de M\u00fasica de Salamanca) y M\u00aa Dolores D\u00edez (Profesora de oboe del Conservatorio Profesional de M\u00fasica de Valladolid).<\/span><\/p>\n<p>&nbsp;<\/p>\n<p><strong>&#8211; FECHA Y LUGAR:\u00a0<\/strong> S\u00e1bado 14 y Domingo 15 de Marzo de 2020 en Ponferrada (Conservatorio Profesional de M\u00fasica Crist\u00f3bal Halffter).<\/p>\n<p style=\"text-align: center;\"><iframe loading=\"lazy\" style=\"border: 0;\" src=\"https:\/\/www.google.com\/maps\/embed?pb=!1m14!1m8!1m3!1d11755.563327873417!2d-6.6133606!3d42.5576109!3m2!1i1024!2i768!4f13.1!3m3!1m2!1s0x0%3A0xf0836ef6aead0c5e!2sConservatorio%20Profesional%20de%20Musica%20Cristobal%20Halffter!5e0!3m2!1ses!2ses!4v1581489825867!5m2!1ses!2ses\" width=\"600\" height=\"450\" frameborder=\"0\" allowfullscreen=\"allowfullscreen\"><\/iframe><\/p>\n<p>&nbsp;<\/p>\n<p><strong>&#8211; Profesores:<\/strong> <a href=\"https:\/\/eg-reeds.com\/es\/entrevista-salvador-barbera-solista-rtve\/\" target=\"_blank\" rel=\"noopener noreferrer\">Salvador Barber\u00e1, oboe solista de la Orquesta Radio Televisi\u00f3n de Espa\u00f1a (RTVE)<\/a> y Juan Pedro Romero oboe y corno ingles del a Orquesta del Principado de Asturias (OSPA) .<\/p>\n<p><strong>&#8211; CLASES Y HORARIOS:<\/strong> Por confirmar<\/p>\n<p><strong>&#8211; TALLER DE IMPROVISACI\u00d3N:<\/strong> Como en la edici\u00f3n anterior, contamos con esta actividad que se desarrollar\u00e1 en horario de ma\u00f1ana, abierta a todo el que est\u00e9 interesado. Como su propio nombre indica, se trata de improvisar, partiendo de los conocimientos previos que se tengan de las escalas diat\u00f3nicas mayores y menores, aplicando una serie de patrones r\u00edtmicos y arm\u00f3nicos sencillos. La idea es que, al acabar el taller, se consiga interpretar algo con un m\u00ednimo de sentido sin leer una partitura. El objetivo de esta actividad es conocer la improvisaci\u00f3n y aplicarla en cualquier estilo para enriquecer y entender mejor el esqueleto de la m\u00fasica. El ponente de esta actividad ser\u00e1 Rom\u00e1n \u00c1lvarez (profesor del Conservatorio Profesional de M\u00fasica de Salamanca); dependiendo de los alumnos que se inscriban, se repartir\u00e1n en uno o dos grupos con una duraci\u00f3n de 1 hora y media por grupo.<\/p>\n<p>&nbsp;<\/p>\n<p><strong>&#8211; INSCRIPCI\u00d3N: (Los profesores asistentes, que se inscriban tambi\u00e9n, por favor.)<\/strong><\/p>\n<div class=\"page\" title=\"Page 1\">\n<div class=\"section\">\n<div class=\"layoutArea\">\n<div class=\"column\">\n<p><a href=\"https:\/\/forms.gle\/rZV7fUrH9pgJ116s5\" target=\"_blank\" rel=\"noopener noreferrer\">https:\/\/forms.gle\/rZV7fUrH9pgJ116s5<\/a><\/p>\n<\/div>\n<\/div>\n<\/div>\n<\/div>\n<p>&nbsp;<\/p>\n<p><strong>&#8211; TARIFAS:<\/strong><br \/>\nALUMNOS ACTIVOS: 50 \u20ac<br \/>\nALUMNOS OYENTES: 30\u20ac<\/p>\n<p>Cada profesor tutor recoger\u00e1 lo aportado por sus alumnos y lo entrega el mismo d\u00eda del encuentro a la organizaci\u00f3n. El resto de personas interesadas en asistir pueden entregar la cantidad el mismo d\u00eda a la entrada del conservatorio.<\/p>\n<p><img loading=\"lazy\" decoding=\"async\" class=\"aligncenter size-large wp-image-39050\" src=\"http:\/\/eg-reeds.com\/wp-content\/uploads\/2020\/02\/Cartel-OboCyl-2020-Ponferrada-723x1024.jpg\" alt=\"\" width=\"723\" height=\"1024\" srcset=\"https:\/\/eg-reeds.com\/wp-content\/uploads\/2020\/02\/Cartel-OboCyl-2020-Ponferrada-723x1024.jpg 723w, https:\/\/eg-reeds.com\/wp-content\/uploads\/2020\/02\/Cartel-OboCyl-2020-Ponferrada-600x849.jpg 600w, https:\/\/eg-reeds.com\/wp-content\/uploads\/2020\/02\/Cartel-OboCyl-2020-Ponferrada-212x300.jpg 212w, https:\/\/eg-reeds.com\/wp-content\/uploads\/2020\/02\/Cartel-OboCyl-2020-Ponferrada-768x1087.jpg 768w, https:\/\/eg-reeds.com\/wp-content\/uploads\/2020\/02\/Cartel-OboCyl-2020-Ponferrada-1085x1536.jpg 1085w, https:\/\/eg-reeds.com\/wp-content\/uploads\/2020\/02\/Cartel-OboCyl-2020-Ponferrada-510x722.jpg 510w, https:\/\/eg-reeds.com\/wp-content\/uploads\/2020\/02\/Cartel-OboCyl-2020-Ponferrada.jpg 1239w\" sizes=\"auto, (max-width: 723px) 100vw, 723px\" \/><\/p>\n<p>Fuente: Obocyl 2020.<\/p>\n","protected":false},"excerpt":{"rendered":"<p>ACTUALIZACI\u00d3N 11\/03\/2020 &#8211; Este evento ha sido APLAZADO por la organizaci\u00f3n. Os informaremos cuando sepamos las nuevas fechas. Los que ya hab\u00edais hecho pedidos no os preocup\u00e9is, os contactaremos para enviaros gratuitamente vuestros pedidos a casa. OboCyL 2020 14 y 15 de Marzo en Ponferrada. El d\u00eda 14 y 15 de Marzo\u00a0estaremos en el IV [&#8230;]\n","protected":false},"author":1,"featured_media":39061,"comment_status":"open","ping_status":"closed","sticky":false,"template":"","format":"standard","meta":{"footnotes":""},"categories":[2397],"tags":[],"class_list":["post-39038","post","type-post","status-publish","format-standard","has-post-thumbnail","hentry","category-oboe-es"],"yoast_head":"<!-- This site is optimized with the Yoast SEO Premium plugin v27.0 (Yoast SEO v27.4) - https:\/\/yoast.com\/product\/yoast-seo-premium-wordpress\/ -->\n<title>OboCyL 2020 14 y 15 de Marzo en Ponferrada. - www.eg-reeds.com<\/title>\n<meta name=\"description\" content=\"El d\u00eda 14 y 15 de Marzo\u00a0estaremos en el IV Encuentro de oboes de Castilla y Le\u00f3n en Ponferrada, OboCyL 2020. En el Conservatorio Crist\u00f3bal Halffter.\" \/>\n<meta name=\"robots\" content=\"index, follow, max-snippet:-1, max-image-preview:large, max-video-preview:-1\" \/>\n<link rel=\"canonical\" href=\"https:\/\/eg-reeds.com\/es\/obocyl-2020-14-y-15-de-marzo-en-ponferrada\/\" \/>\n<meta property=\"og:locale\" content=\"es_ES\" \/>\n<meta property=\"og:type\" content=\"article\" \/>\n<meta property=\"og:title\" content=\"OboCyL 2020 14 y 15 de Marzo en Ponferrada.\" \/>\n<meta property=\"og:description\" content=\"El d\u00eda 14 y 15 de Marzo\u00a0estaremos en el IV Encuentro de oboes de Castilla y Le\u00f3n en Ponferrada, OboCyL 2020. En el Conservatorio Crist\u00f3bal Halffter.\" \/>\n<meta property=\"og:url\" content=\"https:\/\/eg-reeds.com\/es\/obocyl-2020-14-y-15-de-marzo-en-ponferrada\/\" \/>\n<meta property=\"og:site_name\" content=\"www.eg-reeds.com\" \/>\n<meta property=\"article:publisher\" content=\"https:\/\/www.facebook.com\/EGREEDS\" \/>\n<meta property=\"article:published_time\" content=\"2020-02-12T07:33:06+00:00\" \/>\n<meta property=\"article:modified_time\" content=\"2025-02-20T09:39:17+00:00\" \/>\n<meta property=\"og:image\" content=\"https:\/\/eg-reeds.com\/wp-content\/uploads\/2020\/02\/Logo-OboCyL-2020-Ponferrada.jpg\" \/>\n\t<meta property=\"og:image:width\" content=\"1036\" \/>\n\t<meta property=\"og:image:height\" content=\"762\" \/>\n\t<meta property=\"og:image:type\" content=\"image\/jpeg\" \/>\n<meta name=\"author\" content=\"\u00c9ric Gonz\u00e1lez\" \/>\n<meta name=\"twitter:card\" content=\"summary_large_image\" \/>\n<meta name=\"twitter:creator\" content=\"@egreeds\" \/>\n<meta name=\"twitter:site\" content=\"@egreeds\" \/>\n<meta name=\"twitter:label1\" content=\"Escrito por\" \/>\n\t<meta name=\"twitter:data1\" content=\"\u00c9ric Gonz\u00e1lez\" \/>\n\t<meta name=\"twitter:label2\" content=\"Tiempo de lectura\" \/>\n\t<meta name=\"twitter:data2\" content=\"3 minutos\" \/>\n<script type=\"application\/ld+json\" class=\"yoast-schema-graph\">{\"@context\":\"https:\\\/\\\/schema.org\",\"@graph\":[{\"@type\":\"Article\",\"@id\":\"https:\\\/\\\/eg-reeds.com\\\/es\\\/obocyl-2020-14-y-15-de-marzo-en-ponferrada\\\/#article\",\"isPartOf\":{\"@id\":\"https:\\\/\\\/eg-reeds.com\\\/es\\\/obocyl-2020-14-y-15-de-marzo-en-ponferrada\\\/\"},\"author\":{\"name\":\"\u00c9ric Gonz\u00e1lez\",\"@id\":\"https:\\\/\\\/eg-reeds.com\\\/es\\\/#\\\/schema\\\/person\\\/dba1f0630a37fc591e447a789cdbfe2b\"},\"headline\":\"OboCyL 2020 14 y 15 de Marzo en Ponferrada.\",\"datePublished\":\"2020-02-12T07:33:06+00:00\",\"dateModified\":\"2025-02-20T09:39:17+00:00\",\"mainEntityOfPage\":{\"@id\":\"https:\\\/\\\/eg-reeds.com\\\/es\\\/obocyl-2020-14-y-15-de-marzo-en-ponferrada\\\/\"},\"wordCount\":653,\"commentCount\":0,\"publisher\":{\"@id\":\"https:\\\/\\\/eg-reeds.com\\\/es\\\/#organization\"},\"image\":{\"@id\":\"https:\\\/\\\/eg-reeds.com\\\/es\\\/obocyl-2020-14-y-15-de-marzo-en-ponferrada\\\/#primaryimage\"},\"thumbnailUrl\":\"https:\\\/\\\/eg-reeds.com\\\/wp-content\\\/uploads\\\/2020\\\/02\\\/Logo-OboCyL-2020-Ponferrada.jpg\",\"articleSection\":[\"Oboe\"],\"inLanguage\":\"es\",\"potentialAction\":[{\"@type\":\"CommentAction\",\"name\":\"Comment\",\"target\":[\"https:\\\/\\\/eg-reeds.com\\\/es\\\/obocyl-2020-14-y-15-de-marzo-en-ponferrada\\\/#respond\"]}]},{\"@type\":\"WebPage\",\"@id\":\"https:\\\/\\\/eg-reeds.com\\\/es\\\/obocyl-2020-14-y-15-de-marzo-en-ponferrada\\\/\",\"url\":\"https:\\\/\\\/eg-reeds.com\\\/es\\\/obocyl-2020-14-y-15-de-marzo-en-ponferrada\\\/\",\"name\":\"OboCyL 2020 14 y 15 de Marzo en Ponferrada. - www.eg-reeds.com\",\"isPartOf\":{\"@id\":\"https:\\\/\\\/eg-reeds.com\\\/es\\\/#website\"},\"primaryImageOfPage\":{\"@id\":\"https:\\\/\\\/eg-reeds.com\\\/es\\\/obocyl-2020-14-y-15-de-marzo-en-ponferrada\\\/#primaryimage\"},\"image\":{\"@id\":\"https:\\\/\\\/eg-reeds.com\\\/es\\\/obocyl-2020-14-y-15-de-marzo-en-ponferrada\\\/#primaryimage\"},\"thumbnailUrl\":\"https:\\\/\\\/eg-reeds.com\\\/wp-content\\\/uploads\\\/2020\\\/02\\\/Logo-OboCyL-2020-Ponferrada.jpg\",\"datePublished\":\"2020-02-12T07:33:06+00:00\",\"dateModified\":\"2025-02-20T09:39:17+00:00\",\"description\":\"El d\u00eda 14 y 15 de Marzo\u00a0estaremos en el IV Encuentro de oboes de Castilla y Le\u00f3n en Ponferrada, OboCyL 2020. En el Conservatorio Crist\u00f3bal Halffter.\",\"breadcrumb\":{\"@id\":\"https:\\\/\\\/eg-reeds.com\\\/es\\\/obocyl-2020-14-y-15-de-marzo-en-ponferrada\\\/#breadcrumb\"},\"inLanguage\":\"es\",\"potentialAction\":[{\"@type\":\"ReadAction\",\"target\":[\"https:\\\/\\\/eg-reeds.com\\\/es\\\/obocyl-2020-14-y-15-de-marzo-en-ponferrada\\\/\"]}]},{\"@type\":\"ImageObject\",\"inLanguage\":\"es\",\"@id\":\"https:\\\/\\\/eg-reeds.com\\\/es\\\/obocyl-2020-14-y-15-de-marzo-en-ponferrada\\\/#primaryimage\",\"url\":\"https:\\\/\\\/eg-reeds.com\\\/wp-content\\\/uploads\\\/2020\\\/02\\\/Logo-OboCyL-2020-Ponferrada.jpg\",\"contentUrl\":\"https:\\\/\\\/eg-reeds.com\\\/wp-content\\\/uploads\\\/2020\\\/02\\\/Logo-OboCyL-2020-Ponferrada.jpg\",\"width\":1036,\"height\":762,\"caption\":\"OboCyL 2020 Ponferrada Conservatorio Crist\u00f3bal Halffter\"},{\"@type\":\"BreadcrumbList\",\"@id\":\"https:\\\/\\\/eg-reeds.com\\\/es\\\/obocyl-2020-14-y-15-de-marzo-en-ponferrada\\\/#breadcrumb\",\"itemListElement\":[{\"@type\":\"ListItem\",\"position\":1,\"name\":\"Inicio\",\"item\":\"https:\\\/\\\/eg-reeds.com\\\/es\\\/tienda\\\/\"},{\"@type\":\"ListItem\",\"position\":2,\"name\":\"OboCyL 2020 14 y 15 de Marzo en Ponferrada.\"}]},{\"@type\":\"WebSite\",\"@id\":\"https:\\\/\\\/eg-reeds.com\\\/es\\\/#website\",\"url\":\"https:\\\/\\\/eg-reeds.com\\\/es\\\/\",\"name\":\"www.eg-reeds.com\",\"description\":\"Ca\u00f1as oboe\",\"publisher\":{\"@id\":\"https:\\\/\\\/eg-reeds.com\\\/es\\\/#organization\"},\"alternateName\":\"eg-reeds.com\",\"potentialAction\":[{\"@type\":\"SearchAction\",\"target\":{\"@type\":\"EntryPoint\",\"urlTemplate\":\"https:\\\/\\\/eg-reeds.com\\\/es\\\/?s={search_term_string}\"},\"query-input\":{\"@type\":\"PropertyValueSpecification\",\"valueRequired\":true,\"valueName\":\"search_term_string\"}}],\"inLanguage\":\"es\"},{\"@type\":\"Organization\",\"@id\":\"https:\\\/\\\/eg-reeds.com\\\/es\\\/#organization\",\"name\":\"www.eg-reeds.com\",\"url\":\"https:\\\/\\\/eg-reeds.com\\\/es\\\/\",\"logo\":{\"@type\":\"ImageObject\",\"inLanguage\":\"es\",\"@id\":\"https:\\\/\\\/eg-reeds.com\\\/es\\\/#\\\/schema\\\/logo\\\/image\\\/\",\"url\":\"https:\\\/\\\/eg-reeds.com\\\/wp-content\\\/uploads\\\/2024\\\/06\\\/Logo-scaled-e1718793906611.jpg\",\"contentUrl\":\"https:\\\/\\\/eg-reeds.com\\\/wp-content\\\/uploads\\\/2024\\\/06\\\/Logo-scaled-e1718793906611.jpg\",\"width\":1200,\"height\":493,\"caption\":\"www.eg-reeds.com\"},\"image\":{\"@id\":\"https:\\\/\\\/eg-reeds.com\\\/es\\\/#\\\/schema\\\/logo\\\/image\\\/\"},\"sameAs\":[\"https:\\\/\\\/www.facebook.com\\\/EGREEDS\",\"https:\\\/\\\/x.com\\\/egreeds\",\"https:\\\/\\\/www.instagram.com\\\/egreeds\\\/\",\"https:\\\/\\\/www.youtube.com\\\/c\\\/EGREEDS\",\"https:\\\/\\\/www.threads.net\\\/@egreeds\",\"https:\\\/\\\/www.tiktok.com\\\/@egreeds\"]},{\"@type\":\"Person\",\"@id\":\"https:\\\/\\\/eg-reeds.com\\\/es\\\/#\\\/schema\\\/person\\\/dba1f0630a37fc591e447a789cdbfe2b\",\"name\":\"\u00c9ric Gonz\u00e1lez\",\"image\":{\"@type\":\"ImageObject\",\"inLanguage\":\"es\",\"@id\":\"https:\\\/\\\/secure.gravatar.com\\\/avatar\\\/f4cb32ced7ebea7949fa6b0ce026e8669193e020e041d77ac4507307974445a4?s=96&d=mm&r=g\",\"url\":\"https:\\\/\\\/secure.gravatar.com\\\/avatar\\\/f4cb32ced7ebea7949fa6b0ce026e8669193e020e041d77ac4507307974445a4?s=96&d=mm&r=g\",\"contentUrl\":\"https:\\\/\\\/secure.gravatar.com\\\/avatar\\\/f4cb32ced7ebea7949fa6b0ce026e8669193e020e041d77ac4507307974445a4?s=96&d=mm&r=g\",\"caption\":\"\u00c9ric Gonz\u00e1lez\"},\"url\":\"https:\\\/\\\/eg-reeds.com\\\/es\\\/author\\\/eric-gonzalez-oboe\\\/\"}]}<\/script>\n<!-- \/ Yoast SEO Premium plugin. -->","yoast_head_json":{"title":"OboCyL 2020 14 y 15 de Marzo en Ponferrada. - www.eg-reeds.com","description":"El d\u00eda 14 y 15 de Marzo\u00a0estaremos en el IV Encuentro de oboes de Castilla y Le\u00f3n en Ponferrada, OboCyL 2020. En el Conservatorio Crist\u00f3bal Halffter.","robots":{"index":"index","follow":"follow","max-snippet":"max-snippet:-1","max-image-preview":"max-image-preview:large","max-video-preview":"max-video-preview:-1"},"canonical":"https:\/\/eg-reeds.com\/es\/obocyl-2020-14-y-15-de-marzo-en-ponferrada\/","og_locale":"es_ES","og_type":"article","og_title":"OboCyL 2020 14 y 15 de Marzo en Ponferrada.","og_description":"El d\u00eda 14 y 15 de Marzo\u00a0estaremos en el IV Encuentro de oboes de Castilla y Le\u00f3n en Ponferrada, OboCyL 2020. En el Conservatorio Crist\u00f3bal Halffter.","og_url":"https:\/\/eg-reeds.com\/es\/obocyl-2020-14-y-15-de-marzo-en-ponferrada\/","og_site_name":"www.eg-reeds.com","article_publisher":"https:\/\/www.facebook.com\/EGREEDS","article_published_time":"2020-02-12T07:33:06+00:00","article_modified_time":"2025-02-20T09:39:17+00:00","og_image":[{"width":1036,"height":762,"url":"https:\/\/eg-reeds.com\/wp-content\/uploads\/2020\/02\/Logo-OboCyL-2020-Ponferrada.jpg","type":"image\/jpeg"}],"author":"\u00c9ric Gonz\u00e1lez","twitter_card":"summary_large_image","twitter_creator":"@egreeds","twitter_site":"@egreeds","twitter_misc":{"Escrito por":"\u00c9ric Gonz\u00e1lez","Tiempo de lectura":"3 minutos"},"schema":{"@context":"https:\/\/schema.org","@graph":[{"@type":"Article","@id":"https:\/\/eg-reeds.com\/es\/obocyl-2020-14-y-15-de-marzo-en-ponferrada\/#article","isPartOf":{"@id":"https:\/\/eg-reeds.com\/es\/obocyl-2020-14-y-15-de-marzo-en-ponferrada\/"},"author":{"name":"\u00c9ric Gonz\u00e1lez","@id":"https:\/\/eg-reeds.com\/es\/#\/schema\/person\/dba1f0630a37fc591e447a789cdbfe2b"},"headline":"OboCyL 2020 14 y 15 de Marzo en Ponferrada.","datePublished":"2020-02-12T07:33:06+00:00","dateModified":"2025-02-20T09:39:17+00:00","mainEntityOfPage":{"@id":"https:\/\/eg-reeds.com\/es\/obocyl-2020-14-y-15-de-marzo-en-ponferrada\/"},"wordCount":653,"commentCount":0,"publisher":{"@id":"https:\/\/eg-reeds.com\/es\/#organization"},"image":{"@id":"https:\/\/eg-reeds.com\/es\/obocyl-2020-14-y-15-de-marzo-en-ponferrada\/#primaryimage"},"thumbnailUrl":"https:\/\/eg-reeds.com\/wp-content\/uploads\/2020\/02\/Logo-OboCyL-2020-Ponferrada.jpg","articleSection":["Oboe"],"inLanguage":"es","potentialAction":[{"@type":"CommentAction","name":"Comment","target":["https:\/\/eg-reeds.com\/es\/obocyl-2020-14-y-15-de-marzo-en-ponferrada\/#respond"]}]},{"@type":"WebPage","@id":"https:\/\/eg-reeds.com\/es\/obocyl-2020-14-y-15-de-marzo-en-ponferrada\/","url":"https:\/\/eg-reeds.com\/es\/obocyl-2020-14-y-15-de-marzo-en-ponferrada\/","name":"OboCyL 2020 14 y 15 de Marzo en Ponferrada. - www.eg-reeds.com","isPartOf":{"@id":"https:\/\/eg-reeds.com\/es\/#website"},"primaryImageOfPage":{"@id":"https:\/\/eg-reeds.com\/es\/obocyl-2020-14-y-15-de-marzo-en-ponferrada\/#primaryimage"},"image":{"@id":"https:\/\/eg-reeds.com\/es\/obocyl-2020-14-y-15-de-marzo-en-ponferrada\/#primaryimage"},"thumbnailUrl":"https:\/\/eg-reeds.com\/wp-content\/uploads\/2020\/02\/Logo-OboCyL-2020-Ponferrada.jpg","datePublished":"2020-02-12T07:33:06+00:00","dateModified":"2025-02-20T09:39:17+00:00","description":"El d\u00eda 14 y 15 de Marzo\u00a0estaremos en el IV Encuentro de oboes de Castilla y Le\u00f3n en Ponferrada, OboCyL 2020. En el Conservatorio Crist\u00f3bal Halffter.","breadcrumb":{"@id":"https:\/\/eg-reeds.com\/es\/obocyl-2020-14-y-15-de-marzo-en-ponferrada\/#breadcrumb"},"inLanguage":"es","potentialAction":[{"@type":"ReadAction","target":["https:\/\/eg-reeds.com\/es\/obocyl-2020-14-y-15-de-marzo-en-ponferrada\/"]}]},{"@type":"ImageObject","inLanguage":"es","@id":"https:\/\/eg-reeds.com\/es\/obocyl-2020-14-y-15-de-marzo-en-ponferrada\/#primaryimage","url":"https:\/\/eg-reeds.com\/wp-content\/uploads\/2020\/02\/Logo-OboCyL-2020-Ponferrada.jpg","contentUrl":"https:\/\/eg-reeds.com\/wp-content\/uploads\/2020\/02\/Logo-OboCyL-2020-Ponferrada.jpg","width":1036,"height":762,"caption":"OboCyL 2020 Ponferrada Conservatorio Crist\u00f3bal Halffter"},{"@type":"BreadcrumbList","@id":"https:\/\/eg-reeds.com\/es\/obocyl-2020-14-y-15-de-marzo-en-ponferrada\/#breadcrumb","itemListElement":[{"@type":"ListItem","position":1,"name":"Inicio","item":"https:\/\/eg-reeds.com\/es\/tienda\/"},{"@type":"ListItem","position":2,"name":"OboCyL 2020 14 y 15 de Marzo en Ponferrada."}]},{"@type":"WebSite","@id":"https:\/\/eg-reeds.com\/es\/#website","url":"https:\/\/eg-reeds.com\/es\/","name":"www.eg-reeds.com","description":"Ca\u00f1as oboe","publisher":{"@id":"https:\/\/eg-reeds.com\/es\/#organization"},"alternateName":"eg-reeds.com","potentialAction":[{"@type":"SearchAction","target":{"@type":"EntryPoint","urlTemplate":"https:\/\/eg-reeds.com\/es\/?s={search_term_string}"},"query-input":{"@type":"PropertyValueSpecification","valueRequired":true,"valueName":"search_term_string"}}],"inLanguage":"es"},{"@type":"Organization","@id":"https:\/\/eg-reeds.com\/es\/#organization","name":"www.eg-reeds.com","url":"https:\/\/eg-reeds.com\/es\/","logo":{"@type":"ImageObject","inLanguage":"es","@id":"https:\/\/eg-reeds.com\/es\/#\/schema\/logo\/image\/","url":"https:\/\/eg-reeds.com\/wp-content\/uploads\/2024\/06\/Logo-scaled-e1718793906611.jpg","contentUrl":"https:\/\/eg-reeds.com\/wp-content\/uploads\/2024\/06\/Logo-scaled-e1718793906611.jpg","width":1200,"height":493,"caption":"www.eg-reeds.com"},"image":{"@id":"https:\/\/eg-reeds.com\/es\/#\/schema\/logo\/image\/"},"sameAs":["https:\/\/www.facebook.com\/EGREEDS","https:\/\/x.com\/egreeds","https:\/\/www.instagram.com\/egreeds\/","https:\/\/www.youtube.com\/c\/EGREEDS","https:\/\/www.threads.net\/@egreeds","https:\/\/www.tiktok.com\/@egreeds"]},{"@type":"Person","@id":"https:\/\/eg-reeds.com\/es\/#\/schema\/person\/dba1f0630a37fc591e447a789cdbfe2b","name":"\u00c9ric Gonz\u00e1lez","image":{"@type":"ImageObject","inLanguage":"es","@id":"https:\/\/secure.gravatar.com\/avatar\/f4cb32ced7ebea7949fa6b0ce026e8669193e020e041d77ac4507307974445a4?s=96&d=mm&r=g","url":"https:\/\/secure.gravatar.com\/avatar\/f4cb32ced7ebea7949fa6b0ce026e8669193e020e041d77ac4507307974445a4?s=96&d=mm&r=g","contentUrl":"https:\/\/secure.gravatar.com\/avatar\/f4cb32ced7ebea7949fa6b0ce026e8669193e020e041d77ac4507307974445a4?s=96&d=mm&r=g","caption":"\u00c9ric Gonz\u00e1lez"},"url":"https:\/\/eg-reeds.com\/es\/author\/eric-gonzalez-oboe\/"}]}},"_links":{"self":[{"href":"https:\/\/eg-reeds.com\/es\/wp-json\/wp\/v2\/posts\/39038","targetHints":{"allow":["GET"]}}],"collection":[{"href":"https:\/\/eg-reeds.com\/es\/wp-json\/wp\/v2\/posts"}],"about":[{"href":"https:\/\/eg-reeds.com\/es\/wp-json\/wp\/v2\/types\/post"}],"author":[{"embeddable":true,"href":"https:\/\/eg-reeds.com\/es\/wp-json\/wp\/v2\/users\/1"}],"replies":[{"embeddable":true,"href":"https:\/\/eg-reeds.com\/es\/wp-json\/wp\/v2\/comments?post=39038"}],"version-history":[{"count":0,"href":"https:\/\/eg-reeds.com\/es\/wp-json\/wp\/v2\/posts\/39038\/revisions"}],"wp:featuredmedia":[{"embeddable":true,"href":"https:\/\/eg-reeds.com\/es\/wp-json\/wp\/v2\/media\/39061"}],"wp:attachment":[{"href":"https:\/\/eg-reeds.com\/es\/wp-json\/wp\/v2\/media?parent=39038"}],"wp:term":[{"taxonomy":"category","embeddable":true,"href":"https:\/\/eg-reeds.com\/es\/wp-json\/wp\/v2\/categories?post=39038"},{"taxonomy":"post_tag","embeddable":true,"href":"https:\/\/eg-reeds.com\/es\/wp-json\/wp\/v2\/tags?post=39038"}],"curies":[{"name":"wp","href":"https:\/\/api.w.org\/{rel}","templated":true}]}}