{"id":52928,"date":"2024-10-24T08:37:22","date_gmt":"2024-10-24T06:37:22","guid":{"rendered":"https:\/\/eg-reeds.com\/?p=52928"},"modified":"2025-02-20T12:09:08","modified_gmt":"2025-02-20T11:09:08","slug":"o-concurso-internacional-de-musica-ard","status":"publish","type":"post","link":"https:\/\/eg-reeds.com\/pt-pt\/o-concurso-internacional-de-musica-ard\/","title":{"rendered":"O Concurso Internacional de M\u00fasica ARD"},"content":{"rendered":"<h1><span style=\"font-size: 100%;\"><strong>O concurso internacional de m\u00fasica ARD<\/strong><\/span><\/h1>\n<p><span style=\"font-weight: 400;\">Desde sua cria\u00e7\u00e3o em 1952, o Concurso Internacional de M\u00fasica ARD tem sido um espa\u00e7o para a excel\u00eancia e reconhecimento na m\u00fasica cl\u00e1ssica. \u00c9 organizado pela rede p\u00fablica de radiodifus\u00e3o ARD (Arbeitsgemeinschaft der \u00f6ffentlich-rechtlichen Rundfunkanstalten der Bundesrepublik Deutschland). O concurso acontece anualmente em Munique e conta com a participa\u00e7\u00e3o de alguns dos m\u00fasicos mais promissores do mundo.<\/span><\/p>\n<p><span style=\"font-weight: 400;\">O concurso abrange uma ampla variedade de instrumentos que rotacionam a cada ano, tornando-o um evento que acolhe m\u00fasicos de diferentes especialidades.<\/span><\/p>\n<p><span style=\"font-weight: 400;\">O Concurso ARD se destaca por sua abordagem abrangente, n\u00e3o apenas oferecendo pr\u00eamios em dinheiro, mas tamb\u00e9m oportunidades profissionais, como contratos de grava\u00e7\u00e3o, apresenta\u00e7\u00f5es em grandes orquestras, al\u00e9m de um prest\u00edgio que impulsiona a carreira dos participantes para novos horizontes.<\/span><\/p>\n<p>&nbsp;<\/p>\n<h2><span style=\"font-size: 100%;\"><strong>O obo\u00e9 no concurso ARD<\/strong><\/span><\/h2>\n<p><span style=\"font-weight: 400;\">Desde a primeira edi\u00e7\u00e3o, este concurso tem revelado grandes talentos entre os obo\u00edstas que, anos depois, se consolidaram como figuras de destaque no cen\u00e1rio internacional.<\/span><\/p>\n<p><span style=\"font-weight: 400;\">Um exemplo claro \u00e9 o do espanhol Ram\u00f3n Ortega Quero, vencedor do Concurso ARD em 2007, que posteriormente se firmou como um dos principais solistas de obo\u00e9 do mundo.<\/span><\/p>\n<p>Alguns vencedores not\u00e1veis na categoria de obo\u00e9 do Concurso Internacional de M\u00fasica ARD s\u00e3o:<\/p>\n<p><strong>Heinz Holliger (Su\u00ed\u00e7a)<\/strong> \u2013 Vencedor em 1959, \u00e9 um dos obo\u00edstas mais influentes de todos os tempos. Sua carreira inclui uma trajet\u00f3ria not\u00e1vel como solista, maestro e compositor, al\u00e9m de ser pioneiro no repert\u00f3rio contempor\u00e2neo para obo\u00e9.<\/p>\n<p><strong>Maurice Bourgue (Fran\u00e7a)<\/strong> \u2013 Vencedor em 1967, teve uma carreira de destaque como solista e membro de prestigiadas orquestras. Bourgue \u00e9 considerado um dos grandes int\u00e9rpretes de m\u00fasica de c\u00e2mara e professor de obo\u00e9.<\/p>\n<p><strong>Fran\u00e7ois Leleux (Fran\u00e7a)<\/strong> \u2013 Vencedor em 1991, \u00e9 um dos obo\u00edstas mais destacados de sua gera\u00e7\u00e3o. Ele alcan\u00e7ou uma carreira de sucesso como solista e maestro, tornando-se uma figura influente no obo\u00e9 contempor\u00e2neo.<\/p>\n<p><strong>Alexei Ogrintchouk (R\u00fassia)<\/strong> \u2013 Vencedor em 1998, \u00e9 atualmente um dos solistas de obo\u00e9 mais requisitados no cen\u00e1rio internacional. Ele tem atuado como solista com importantes orquestras e tamb\u00e9m \u00e9 o primeiro obo\u00e9 da Royal Concertgebouw Orchestra.<\/p>\n<p><strong>Ram\u00f3n Ortega Quero (Espanha)<\/strong> \u2013 Vencedor em 2007, sua carreira decolou ap\u00f3s a vit\u00f3ria no ARD, consolidando-se como um dos obo\u00edstas mais destacados de sua gera\u00e7\u00e3o. Ortega Quero tem sido obo\u00e9 principal da Orquestra Sinf\u00f4nica da R\u00e1dio da Baviera.<\/p>\n<p>Esses vencedores deixaram uma marca significativa no mundo da m\u00fasica cl\u00e1ssica, n\u00e3o apenas pelo sucesso no ARD, mas tamb\u00e9m por suas carreiras posteriores como solistas, professores e membros de renomadas orquestras.<\/p>\n<h2><img loading=\"lazy\" decoding=\"async\" class=\"size-thumbnail wp-image-52723 aligncenter\" src=\"https:\/\/eg-reeds.com\/wp-content\/uploads\/2024\/09\/RamonOrtegaQuero01-1024x682-1024x682-1-300x300.jpg\" alt=\"Ram\u00f3n Ortega oboe\" width=\"300\" height=\"300\" srcset=\"https:\/\/eg-reeds.com\/wp-content\/uploads\/2024\/09\/RamonOrtegaQuero01-1024x682-1024x682-1-300x300.jpg 300w, https:\/\/eg-reeds.com\/wp-content\/uploads\/2024\/09\/RamonOrtegaQuero01-1024x682-1024x682-1-600x600.jpg 600w, https:\/\/eg-reeds.com\/wp-content\/uploads\/2024\/09\/RamonOrtegaQuero01-1024x682-1024x682-1-100x100.jpg 100w\" sizes=\"auto, (max-width: 300px) 100vw, 300px\" \/><\/h2>\n<p style=\"text-align: center;\">Ram\u00f3n Ortega, obo\u00e9.<\/p>\n<p>&nbsp;<\/p>\n<p>Se voc\u00ea quiser saber mais sobre Ram\u00f3n Ortega, tivemos o prazer de entrevist\u00e1-lo no EG-REEDS. Voc\u00ea pode ler a entrevista <strong><a href=\"https:\/\/eg-reeds.com\/es\/entrevista-ramon-ortega-oboe\/\" target=\"_blank\" rel=\"noopener\">aqui<\/a><\/strong>:<\/p>\n<blockquote class=\"wp-embedded-content\" data-secret=\"e5MWpSX58B\"><p><a href=\"https:\/\/eg-reeds.com\/interview-with-ramon-ortega-oboe-brso\/\">Interview with Ram\u00f3n Ortega, principal oboe of BRSO.<\/a><\/p><\/blockquote>\n<p><iframe loading=\"lazy\" class=\"wp-embedded-content\" sandbox=\"allow-scripts\" security=\"restricted\" style=\"position: absolute; visibility: hidden;\" title=\"&#8220;Interview with Ram\u00f3n Ortega, principal oboe of BRSO.&#8221; &#8212; EG-REEDS\" src=\"https:\/\/eg-reeds.com\/interview-with-ramon-ortega-oboe-brso\/embed\/#?secret=bCCNmoz61q#?secret=e5MWpSX58B\" data-secret=\"e5MWpSX58B\" width=\"600\" height=\"338\" frameborder=\"0\" marginwidth=\"0\" marginheight=\"0\" scrolling=\"no\"><\/iframe><\/p>\n<p>&nbsp;<\/p>\n<p>&nbsp;<\/p>\n<h2><strong>Perguntas frequentes sobre o ARD<\/strong><\/h2>\n<ol>\n<li><span style=\"font-weight: 400;\"><strong>Qual a import\u00e2ncia do obo\u00e9 no Concurso Internacional de M\u00fasica ARD?<\/strong> O obo\u00e9 \u00e9 um dos instrumentos recorrentes no Concurso ARD. Muitos vencedores ganharam reconhecimento internacional gra\u00e7as \u00e0 sua participa\u00e7\u00e3o, como Ram\u00f3n Ortega, Heinz Holliger, Maurice Bourgue, Alexei Ogrintchouk ou Fran\u00e7ois Leleux.<\/span><\/li>\n<li><span style=\"font-weight: 400;\"><strong>Que tipo de repert\u00f3rio \u00e9 interpretado na categoria de obo\u00e9 do Concurso ARD?<\/strong> O repert\u00f3rio varia a cada ano, mas geralmente inclui obras cl\u00e1ssicas de grande exig\u00eancia t\u00e9cnica, como o &#8220;Concerto para obo\u00e9&#8221; de Richard Strauss ou o Concerto de Mozart, al\u00e9m de pe\u00e7as contempor\u00e2neas que desafiam a criatividade dos m\u00fasicos.<\/span><\/li>\n<li><strong>Qual \u00e9 o perfil t\u00edpico dos participantes na categoria de obo\u00e9 do Concurso ARD?<\/strong><br \/>\nGeralmente, s\u00e3o jovens int\u00e9rpretes que conclu\u00edram estudos avan\u00e7ados em conservat\u00f3rios ou academias de m\u00fasica, com experi\u00eancia em competi\u00e7\u00f5es anteriores. Eles possuem uma forma\u00e7\u00e3o t\u00e9cnica s\u00f3lida e est\u00e3o prontos para enfrentar os desafios de uma competi\u00e7\u00e3o de alto n\u00edvel.<\/li>\n<li><span style=\"font-weight: 400;\"><strong>Como o Concurso ARD pode impulsionar a carreira de um jovem obo\u00edsta?<\/strong> O Concurso ARD n\u00e3o apenas oferece pr\u00eamios em dinheiro, mas tamb\u00e9m importantes oportunidades de visibilidade e colabora\u00e7\u00e3o com orquestras e figuras renomadas da m\u00fasica cl\u00e1ssica, o que impulsiona significativamente a carreira dos vencedores.<\/span><\/li>\n<li><strong>Qual foi a influ\u00eancia do Concurso ARD na evolu\u00e7\u00e3o do repert\u00f3rio para obo\u00e9?<\/strong><br \/>\nO Concurso ARD incentivou a execu\u00e7\u00e3o de obras contempor\u00e2neas e promoveu a cria\u00e7\u00e3o de novas composi\u00e7\u00f5es para obo\u00e9, contribuindo para o enriquecimento do repert\u00f3rio do instrumento ao longo dos anos.<\/li>\n<li><strong>Quem foi o \u00faltimo vencedor de obo\u00e9?<\/strong> Atualmente, o \u00faltimo vencedor de obo\u00e9 do ARD foi <span style=\"font-weight: 400;\"><a href=\"https:\/\/eg-reeds.com\/pt-pt\/oboista-leonid-surkov-vence-o-concurso-internacional-de-musica-ard\/\" target=\"_blank\" rel=\"noopener\"><strong>Leonid Surkov,<\/strong><\/a> que conquistou o primeiro pr\u00eamio e tamb\u00e9m o pr\u00eamio pela obra encomendada no ARD deste ano de 2024.<\/span><img loading=\"lazy\" decoding=\"async\" class=\"size-thumbnail wp-image-52733 aligncenter\" src=\"https:\/\/eg-reeds.com\/wp-content\/uploads\/2024\/09\/leonid_surkov_oboe_-_imw_ardcdanieldelang_-100_v-original_-4490982a09ce564896c0546e698c092a87185c1e-300x300.jpg\" alt=\"Leonid Surkov oboe\" width=\"300\" height=\"300\" srcset=\"https:\/\/eg-reeds.com\/wp-content\/uploads\/2024\/09\/leonid_surkov_oboe_-_imw_ardcdanieldelang_-100_v-original_-4490982a09ce564896c0546e698c092a87185c1e-300x300.jpg 300w, https:\/\/eg-reeds.com\/wp-content\/uploads\/2024\/09\/leonid_surkov_oboe_-_imw_ardcdanieldelang_-100_v-original_-4490982a09ce564896c0546e698c092a87185c1e-600x600.jpg 600w, https:\/\/eg-reeds.com\/wp-content\/uploads\/2024\/09\/leonid_surkov_oboe_-_imw_ardcdanieldelang_-100_v-original_-4490982a09ce564896c0546e698c092a87185c1e-100x100.jpg 100w\" sizes=\"auto, (max-width: 300px) 100vw, 300px\" \/><\/li>\n<\/ol>\n<p style=\"text-align: center;\">Leonid Surkov, obo\u00e9<\/p>\n<blockquote class=\"wp-embedded-content\" data-secret=\"GiB9FNCLhR\"><p><a href=\"https:\/\/eg-reeds.com\/pt-pt\/oboista-leonid-surkov-vence-o-concurso-internacional-de-musica-ard\/\">Obo\u00edsta Leonid Surkov vence o Concurso Internacional de M\u00fasica ARD<\/a><\/p><\/blockquote>\n<p><iframe loading=\"lazy\" class=\"wp-embedded-content\" sandbox=\"allow-scripts\" security=\"restricted\" style=\"position: absolute; visibility: hidden;\" title=\"&#8220;Obo\u00edsta Leonid Surkov vence o Concurso Internacional de M\u00fasica ARD&#8221; &#8212; EG-REEDS\" src=\"https:\/\/eg-reeds.com\/pt-pt\/oboista-leonid-surkov-vence-o-concurso-internacional-de-musica-ard\/embed\/#?secret=f4VZ3Bj4wK#?secret=GiB9FNCLhR\" data-secret=\"GiB9FNCLhR\" width=\"600\" height=\"338\" frameborder=\"0\" marginwidth=\"0\" marginheight=\"0\" scrolling=\"no\"><\/iframe><\/p>\n<p>&nbsp;<\/p>\n<p><span style=\"font-weight: 400;\">Mais informa\u00e7\u00f5es e fontes:<\/span><\/p>\n<p><a href=\"https:\/\/www.br.de\/ard-music-competition\/index.html\" target=\"_blank\" rel=\"noopener\"><span style=\"font-weight: 400;\">https:\/\/www.br.de\/ard-music-competition\/index.html<\/span><\/a><\/p>\n<p><a href=\"https:\/\/www.ramonortegaquero.com\" target=\"_blank\" rel=\"noopener\">https:\/\/www.ramonortegaquero.com<\/a><\/p>\n","protected":false},"excerpt":{"rendered":"<p>O concurso internacional de m\u00fasica ARD Desde sua cria\u00e7\u00e3o em 1952, o Concurso Internacional de M\u00fasica ARD tem sido um espa\u00e7o para a excel\u00eancia e reconhecimento na m\u00fasica cl\u00e1ssica. \u00c9 organizado pela rede p\u00fablica de radiodifus\u00e3o ARD (Arbeitsgemeinschaft der \u00f6ffentlich-rechtlichen Rundfunkanstalten der Bundesrepublik Deutschland). O concurso acontece anualmente em Munique e conta com a participa\u00e7\u00e3o [&#8230;]\n","protected":false},"author":1,"featured_media":52731,"comment_status":"open","ping_status":"open","sticky":false,"template":"","format":"standard","meta":{"footnotes":""},"categories":[8588],"tags":[],"class_list":["post-52928","post","type-post","status-publish","format-standard","has-post-thumbnail","hentry","category-oboe-pt-pt"],"yoast_head":"<!-- This site is optimized with the Yoast SEO Premium plugin v27.0 (Yoast SEO v27.4) - https:\/\/yoast.com\/product\/yoast-seo-premium-wordpress\/ -->\n<title>O Concurso Internacional de M\u00fasica ARD - EG-REEDS<\/title>\n<meta name=\"description\" content=\"Desde sua cria\u00e7\u00e3o em 1952, o Concurso Internacional de M\u00fasica ARD tem sido um espa\u00e7o para a excel\u00eancia e reconhecimento na m\u00fasica cl\u00e1ssica.\" \/>\n<meta name=\"robots\" content=\"index, follow, max-snippet:-1, max-image-preview:large, max-video-preview:-1\" \/>\n<link rel=\"canonical\" href=\"https:\/\/eg-reeds.com\/pt-pt\/o-concurso-internacional-de-musica-ard\/\" \/>\n<meta property=\"og:locale\" content=\"pt_PT\" \/>\n<meta property=\"og:type\" content=\"article\" \/>\n<meta property=\"og:title\" content=\"O Concurso Internacional de M\u00fasica ARD\" \/>\n<meta property=\"og:description\" content=\"Desde sua cria\u00e7\u00e3o em 1952, o Concurso Internacional de M\u00fasica ARD tem sido um espa\u00e7o para a excel\u00eancia e reconhecimento na m\u00fasica cl\u00e1ssica.\" \/>\n<meta property=\"og:url\" content=\"https:\/\/eg-reeds.com\/pt-pt\/o-concurso-internacional-de-musica-ard\/\" \/>\n<meta property=\"og:site_name\" content=\"EG-REEDS\" \/>\n<meta property=\"article:publisher\" content=\"https:\/\/www.facebook.com\/EGREEDS\" \/>\n<meta property=\"article:published_time\" content=\"2024-10-24T06:37:22+00:00\" \/>\n<meta property=\"article:modified_time\" content=\"2025-02-20T11:09:08+00:00\" \/>\n<meta property=\"og:image\" content=\"https:\/\/eg-reeds.com\/wp-content\/uploads\/2024\/09\/RamonOrtegaQuero01-1024x682-1024x682-1.jpg\" \/>\n\t<meta property=\"og:image:width\" content=\"1024\" \/>\n\t<meta property=\"og:image:height\" content=\"682\" \/>\n\t<meta property=\"og:image:type\" content=\"image\/jpeg\" \/>\n<meta name=\"author\" content=\"\u00c9ric Gonz\u00e1lez\" \/>\n<meta name=\"twitter:card\" content=\"summary_large_image\" \/>\n<meta name=\"twitter:creator\" content=\"@egreeds\" \/>\n<meta name=\"twitter:site\" content=\"@egreeds\" \/>\n<meta name=\"twitter:label1\" content=\"Escrito por\" \/>\n\t<meta name=\"twitter:data1\" content=\"\u00c9ric Gonz\u00e1lez\" \/>\n\t<meta name=\"twitter:label2\" content=\"Tempo estimado de leitura\" \/>\n\t<meta name=\"twitter:data2\" content=\"5 minutes\" \/>\n<script type=\"application\/ld+json\" class=\"yoast-schema-graph\">{\"@context\":\"https:\\\/\\\/schema.org\",\"@graph\":[{\"@type\":\"Article\",\"@id\":\"https:\\\/\\\/eg-reeds.com\\\/pt-pt\\\/o-concurso-internacional-de-musica-ard\\\/#article\",\"isPartOf\":{\"@id\":\"https:\\\/\\\/eg-reeds.com\\\/pt-pt\\\/o-concurso-internacional-de-musica-ard\\\/\"},\"author\":{\"name\":\"\u00c9ric Gonz\u00e1lez\",\"@id\":\"https:\\\/\\\/eg-reeds.com\\\/pt-pt\\\/#\\\/schema\\\/person\\\/dba1f0630a37fc591e447a789cdbfe2b\"},\"headline\":\"O Concurso Internacional de M\u00fasica ARD\",\"datePublished\":\"2024-10-24T06:37:22+00:00\",\"dateModified\":\"2025-02-20T11:09:08+00:00\",\"mainEntityOfPage\":{\"@id\":\"https:\\\/\\\/eg-reeds.com\\\/pt-pt\\\/o-concurso-internacional-de-musica-ard\\\/\"},\"wordCount\":835,\"commentCount\":0,\"publisher\":{\"@id\":\"https:\\\/\\\/eg-reeds.com\\\/pt-pt\\\/#organization\"},\"image\":{\"@id\":\"https:\\\/\\\/eg-reeds.com\\\/pt-pt\\\/o-concurso-internacional-de-musica-ard\\\/#primaryimage\"},\"thumbnailUrl\":\"https:\\\/\\\/eg-reeds.com\\\/wp-content\\\/uploads\\\/2024\\\/09\\\/RamonOrtegaQuero01-1024x682-1024x682-1.jpg\",\"articleSection\":[\"Obo\u00e9\"],\"inLanguage\":\"pt-PT\",\"potentialAction\":[{\"@type\":\"CommentAction\",\"name\":\"Comment\",\"target\":[\"https:\\\/\\\/eg-reeds.com\\\/pt-pt\\\/o-concurso-internacional-de-musica-ard\\\/#respond\"]}]},{\"@type\":\"WebPage\",\"@id\":\"https:\\\/\\\/eg-reeds.com\\\/pt-pt\\\/o-concurso-internacional-de-musica-ard\\\/\",\"url\":\"https:\\\/\\\/eg-reeds.com\\\/pt-pt\\\/o-concurso-internacional-de-musica-ard\\\/\",\"name\":\"O Concurso Internacional de M\u00fasica ARD - EG-REEDS\",\"isPartOf\":{\"@id\":\"https:\\\/\\\/eg-reeds.com\\\/pt-pt\\\/#website\"},\"primaryImageOfPage\":{\"@id\":\"https:\\\/\\\/eg-reeds.com\\\/pt-pt\\\/o-concurso-internacional-de-musica-ard\\\/#primaryimage\"},\"image\":{\"@id\":\"https:\\\/\\\/eg-reeds.com\\\/pt-pt\\\/o-concurso-internacional-de-musica-ard\\\/#primaryimage\"},\"thumbnailUrl\":\"https:\\\/\\\/eg-reeds.com\\\/wp-content\\\/uploads\\\/2024\\\/09\\\/RamonOrtegaQuero01-1024x682-1024x682-1.jpg\",\"datePublished\":\"2024-10-24T06:37:22+00:00\",\"dateModified\":\"2025-02-20T11:09:08+00:00\",\"description\":\"Desde sua cria\u00e7\u00e3o em 1952, o Concurso Internacional de M\u00fasica ARD tem sido um espa\u00e7o para a excel\u00eancia e reconhecimento na m\u00fasica cl\u00e1ssica.\",\"breadcrumb\":{\"@id\":\"https:\\\/\\\/eg-reeds.com\\\/pt-pt\\\/o-concurso-internacional-de-musica-ard\\\/#breadcrumb\"},\"inLanguage\":\"pt-PT\",\"potentialAction\":[{\"@type\":\"ReadAction\",\"target\":[\"https:\\\/\\\/eg-reeds.com\\\/pt-pt\\\/o-concurso-internacional-de-musica-ard\\\/\"]}]},{\"@type\":\"ImageObject\",\"inLanguage\":\"pt-PT\",\"@id\":\"https:\\\/\\\/eg-reeds.com\\\/pt-pt\\\/o-concurso-internacional-de-musica-ard\\\/#primaryimage\",\"url\":\"https:\\\/\\\/eg-reeds.com\\\/wp-content\\\/uploads\\\/2024\\\/09\\\/RamonOrtegaQuero01-1024x682-1024x682-1.jpg\",\"contentUrl\":\"https:\\\/\\\/eg-reeds.com\\\/wp-content\\\/uploads\\\/2024\\\/09\\\/RamonOrtegaQuero01-1024x682-1024x682-1.jpg\",\"width\":1024,\"height\":682,\"caption\":\"Ram\u00f3n Ortega obo\u00e9\"},{\"@type\":\"BreadcrumbList\",\"@id\":\"https:\\\/\\\/eg-reeds.com\\\/pt-pt\\\/o-concurso-internacional-de-musica-ard\\\/#breadcrumb\",\"itemListElement\":[{\"@type\":\"ListItem\",\"position\":1,\"name\":\"Startseite\",\"item\":\"https:\\\/\\\/eg-reeds.com\\\/pt-pt\\\/loja\\\/\"},{\"@type\":\"ListItem\",\"position\":2,\"name\":\"O Concurso Internacional de M\u00fasica ARD\"}]},{\"@type\":\"WebSite\",\"@id\":\"https:\\\/\\\/eg-reeds.com\\\/pt-pt\\\/#website\",\"url\":\"https:\\\/\\\/eg-reeds.com\\\/pt-pt\\\/\",\"name\":\"www.eg-reeds.com\",\"description\":\"Palhetas obo\u00e9\",\"publisher\":{\"@id\":\"https:\\\/\\\/eg-reeds.com\\\/pt-pt\\\/#organization\"},\"alternateName\":\"eg-reeds.com\",\"potentialAction\":[{\"@type\":\"SearchAction\",\"target\":{\"@type\":\"EntryPoint\",\"urlTemplate\":\"https:\\\/\\\/eg-reeds.com\\\/pt-pt\\\/?s={search_term_string}\"},\"query-input\":{\"@type\":\"PropertyValueSpecification\",\"valueRequired\":true,\"valueName\":\"search_term_string\"}}],\"inLanguage\":\"pt-PT\"},{\"@type\":\"Organization\",\"@id\":\"https:\\\/\\\/eg-reeds.com\\\/pt-pt\\\/#organization\",\"name\":\"www.eg-reeds.com\",\"url\":\"https:\\\/\\\/eg-reeds.com\\\/pt-pt\\\/\",\"logo\":{\"@type\":\"ImageObject\",\"inLanguage\":\"pt-PT\",\"@id\":\"https:\\\/\\\/eg-reeds.com\\\/pt-pt\\\/#\\\/schema\\\/logo\\\/image\\\/\",\"url\":\"https:\\\/\\\/eg-reeds.com\\\/wp-content\\\/uploads\\\/2024\\\/06\\\/Logo-scaled-e1718793906611.jpg\",\"contentUrl\":\"https:\\\/\\\/eg-reeds.com\\\/wp-content\\\/uploads\\\/2024\\\/06\\\/Logo-scaled-e1718793906611.jpg\",\"width\":1200,\"height\":493,\"caption\":\"www.eg-reeds.com\"},\"image\":{\"@id\":\"https:\\\/\\\/eg-reeds.com\\\/pt-pt\\\/#\\\/schema\\\/logo\\\/image\\\/\"},\"sameAs\":[\"https:\\\/\\\/www.facebook.com\\\/EGREEDS\",\"https:\\\/\\\/x.com\\\/egreeds\",\"https:\\\/\\\/www.instagram.com\\\/egreeds\\\/\",\"https:\\\/\\\/www.youtube.com\\\/c\\\/EGREEDS\",\"https:\\\/\\\/www.threads.net\\\/@egreeds\",\"https:\\\/\\\/www.tiktok.com\\\/@egreeds\"]},{\"@type\":\"Person\",\"@id\":\"https:\\\/\\\/eg-reeds.com\\\/pt-pt\\\/#\\\/schema\\\/person\\\/dba1f0630a37fc591e447a789cdbfe2b\",\"name\":\"\u00c9ric Gonz\u00e1lez\",\"image\":{\"@type\":\"ImageObject\",\"inLanguage\":\"pt-PT\",\"@id\":\"https:\\\/\\\/secure.gravatar.com\\\/avatar\\\/f4cb32ced7ebea7949fa6b0ce026e8669193e020e041d77ac4507307974445a4?s=96&d=mm&r=g\",\"url\":\"https:\\\/\\\/secure.gravatar.com\\\/avatar\\\/f4cb32ced7ebea7949fa6b0ce026e8669193e020e041d77ac4507307974445a4?s=96&d=mm&r=g\",\"contentUrl\":\"https:\\\/\\\/secure.gravatar.com\\\/avatar\\\/f4cb32ced7ebea7949fa6b0ce026e8669193e020e041d77ac4507307974445a4?s=96&d=mm&r=g\",\"caption\":\"\u00c9ric Gonz\u00e1lez\"},\"url\":\"https:\\\/\\\/eg-reeds.com\\\/pt-pt\\\/author\\\/eric-gonzalez-oboe\\\/\"}]}<\/script>\n<!-- \/ Yoast SEO Premium plugin. -->","yoast_head_json":{"title":"O Concurso Internacional de M\u00fasica ARD - EG-REEDS","description":"Desde sua cria\u00e7\u00e3o em 1952, o Concurso Internacional de M\u00fasica ARD tem sido um espa\u00e7o para a excel\u00eancia e reconhecimento na m\u00fasica cl\u00e1ssica.","robots":{"index":"index","follow":"follow","max-snippet":"max-snippet:-1","max-image-preview":"max-image-preview:large","max-video-preview":"max-video-preview:-1"},"canonical":"https:\/\/eg-reeds.com\/pt-pt\/o-concurso-internacional-de-musica-ard\/","og_locale":"pt_PT","og_type":"article","og_title":"O Concurso Internacional de M\u00fasica ARD","og_description":"Desde sua cria\u00e7\u00e3o em 1952, o Concurso Internacional de M\u00fasica ARD tem sido um espa\u00e7o para a excel\u00eancia e reconhecimento na m\u00fasica cl\u00e1ssica.","og_url":"https:\/\/eg-reeds.com\/pt-pt\/o-concurso-internacional-de-musica-ard\/","og_site_name":"EG-REEDS","article_publisher":"https:\/\/www.facebook.com\/EGREEDS","article_published_time":"2024-10-24T06:37:22+00:00","article_modified_time":"2025-02-20T11:09:08+00:00","og_image":[{"width":1024,"height":682,"url":"https:\/\/eg-reeds.com\/wp-content\/uploads\/2024\/09\/RamonOrtegaQuero01-1024x682-1024x682-1.jpg","type":"image\/jpeg"}],"author":"\u00c9ric Gonz\u00e1lez","twitter_card":"summary_large_image","twitter_creator":"@egreeds","twitter_site":"@egreeds","twitter_misc":{"Escrito por":"\u00c9ric Gonz\u00e1lez","Tempo estimado de leitura":"5 minutes"},"schema":{"@context":"https:\/\/schema.org","@graph":[{"@type":"Article","@id":"https:\/\/eg-reeds.com\/pt-pt\/o-concurso-internacional-de-musica-ard\/#article","isPartOf":{"@id":"https:\/\/eg-reeds.com\/pt-pt\/o-concurso-internacional-de-musica-ard\/"},"author":{"name":"\u00c9ric Gonz\u00e1lez","@id":"https:\/\/eg-reeds.com\/pt-pt\/#\/schema\/person\/dba1f0630a37fc591e447a789cdbfe2b"},"headline":"O Concurso Internacional de M\u00fasica ARD","datePublished":"2024-10-24T06:37:22+00:00","dateModified":"2025-02-20T11:09:08+00:00","mainEntityOfPage":{"@id":"https:\/\/eg-reeds.com\/pt-pt\/o-concurso-internacional-de-musica-ard\/"},"wordCount":835,"commentCount":0,"publisher":{"@id":"https:\/\/eg-reeds.com\/pt-pt\/#organization"},"image":{"@id":"https:\/\/eg-reeds.com\/pt-pt\/o-concurso-internacional-de-musica-ard\/#primaryimage"},"thumbnailUrl":"https:\/\/eg-reeds.com\/wp-content\/uploads\/2024\/09\/RamonOrtegaQuero01-1024x682-1024x682-1.jpg","articleSection":["Obo\u00e9"],"inLanguage":"pt-PT","potentialAction":[{"@type":"CommentAction","name":"Comment","target":["https:\/\/eg-reeds.com\/pt-pt\/o-concurso-internacional-de-musica-ard\/#respond"]}]},{"@type":"WebPage","@id":"https:\/\/eg-reeds.com\/pt-pt\/o-concurso-internacional-de-musica-ard\/","url":"https:\/\/eg-reeds.com\/pt-pt\/o-concurso-internacional-de-musica-ard\/","name":"O Concurso Internacional de M\u00fasica ARD - EG-REEDS","isPartOf":{"@id":"https:\/\/eg-reeds.com\/pt-pt\/#website"},"primaryImageOfPage":{"@id":"https:\/\/eg-reeds.com\/pt-pt\/o-concurso-internacional-de-musica-ard\/#primaryimage"},"image":{"@id":"https:\/\/eg-reeds.com\/pt-pt\/o-concurso-internacional-de-musica-ard\/#primaryimage"},"thumbnailUrl":"https:\/\/eg-reeds.com\/wp-content\/uploads\/2024\/09\/RamonOrtegaQuero01-1024x682-1024x682-1.jpg","datePublished":"2024-10-24T06:37:22+00:00","dateModified":"2025-02-20T11:09:08+00:00","description":"Desde sua cria\u00e7\u00e3o em 1952, o Concurso Internacional de M\u00fasica ARD tem sido um espa\u00e7o para a excel\u00eancia e reconhecimento na m\u00fasica cl\u00e1ssica.","breadcrumb":{"@id":"https:\/\/eg-reeds.com\/pt-pt\/o-concurso-internacional-de-musica-ard\/#breadcrumb"},"inLanguage":"pt-PT","potentialAction":[{"@type":"ReadAction","target":["https:\/\/eg-reeds.com\/pt-pt\/o-concurso-internacional-de-musica-ard\/"]}]},{"@type":"ImageObject","inLanguage":"pt-PT","@id":"https:\/\/eg-reeds.com\/pt-pt\/o-concurso-internacional-de-musica-ard\/#primaryimage","url":"https:\/\/eg-reeds.com\/wp-content\/uploads\/2024\/09\/RamonOrtegaQuero01-1024x682-1024x682-1.jpg","contentUrl":"https:\/\/eg-reeds.com\/wp-content\/uploads\/2024\/09\/RamonOrtegaQuero01-1024x682-1024x682-1.jpg","width":1024,"height":682,"caption":"Ram\u00f3n Ortega obo\u00e9"},{"@type":"BreadcrumbList","@id":"https:\/\/eg-reeds.com\/pt-pt\/o-concurso-internacional-de-musica-ard\/#breadcrumb","itemListElement":[{"@type":"ListItem","position":1,"name":"Startseite","item":"https:\/\/eg-reeds.com\/pt-pt\/loja\/"},{"@type":"ListItem","position":2,"name":"O Concurso Internacional de M\u00fasica ARD"}]},{"@type":"WebSite","@id":"https:\/\/eg-reeds.com\/pt-pt\/#website","url":"https:\/\/eg-reeds.com\/pt-pt\/","name":"www.eg-reeds.com","description":"Palhetas obo\u00e9","publisher":{"@id":"https:\/\/eg-reeds.com\/pt-pt\/#organization"},"alternateName":"eg-reeds.com","potentialAction":[{"@type":"SearchAction","target":{"@type":"EntryPoint","urlTemplate":"https:\/\/eg-reeds.com\/pt-pt\/?s={search_term_string}"},"query-input":{"@type":"PropertyValueSpecification","valueRequired":true,"valueName":"search_term_string"}}],"inLanguage":"pt-PT"},{"@type":"Organization","@id":"https:\/\/eg-reeds.com\/pt-pt\/#organization","name":"www.eg-reeds.com","url":"https:\/\/eg-reeds.com\/pt-pt\/","logo":{"@type":"ImageObject","inLanguage":"pt-PT","@id":"https:\/\/eg-reeds.com\/pt-pt\/#\/schema\/logo\/image\/","url":"https:\/\/eg-reeds.com\/wp-content\/uploads\/2024\/06\/Logo-scaled-e1718793906611.jpg","contentUrl":"https:\/\/eg-reeds.com\/wp-content\/uploads\/2024\/06\/Logo-scaled-e1718793906611.jpg","width":1200,"height":493,"caption":"www.eg-reeds.com"},"image":{"@id":"https:\/\/eg-reeds.com\/pt-pt\/#\/schema\/logo\/image\/"},"sameAs":["https:\/\/www.facebook.com\/EGREEDS","https:\/\/x.com\/egreeds","https:\/\/www.instagram.com\/egreeds\/","https:\/\/www.youtube.com\/c\/EGREEDS","https:\/\/www.threads.net\/@egreeds","https:\/\/www.tiktok.com\/@egreeds"]},{"@type":"Person","@id":"https:\/\/eg-reeds.com\/pt-pt\/#\/schema\/person\/dba1f0630a37fc591e447a789cdbfe2b","name":"\u00c9ric Gonz\u00e1lez","image":{"@type":"ImageObject","inLanguage":"pt-PT","@id":"https:\/\/secure.gravatar.com\/avatar\/f4cb32ced7ebea7949fa6b0ce026e8669193e020e041d77ac4507307974445a4?s=96&d=mm&r=g","url":"https:\/\/secure.gravatar.com\/avatar\/f4cb32ced7ebea7949fa6b0ce026e8669193e020e041d77ac4507307974445a4?s=96&d=mm&r=g","contentUrl":"https:\/\/secure.gravatar.com\/avatar\/f4cb32ced7ebea7949fa6b0ce026e8669193e020e041d77ac4507307974445a4?s=96&d=mm&r=g","caption":"\u00c9ric Gonz\u00e1lez"},"url":"https:\/\/eg-reeds.com\/pt-pt\/author\/eric-gonzalez-oboe\/"}]}},"_links":{"self":[{"href":"https:\/\/eg-reeds.com\/pt-pt\/wp-json\/wp\/v2\/posts\/52928","targetHints":{"allow":["GET"]}}],"collection":[{"href":"https:\/\/eg-reeds.com\/pt-pt\/wp-json\/wp\/v2\/posts"}],"about":[{"href":"https:\/\/eg-reeds.com\/pt-pt\/wp-json\/wp\/v2\/types\/post"}],"author":[{"embeddable":true,"href":"https:\/\/eg-reeds.com\/pt-pt\/wp-json\/wp\/v2\/users\/1"}],"replies":[{"embeddable":true,"href":"https:\/\/eg-reeds.com\/pt-pt\/wp-json\/wp\/v2\/comments?post=52928"}],"version-history":[{"count":0,"href":"https:\/\/eg-reeds.com\/pt-pt\/wp-json\/wp\/v2\/posts\/52928\/revisions"}],"wp:featuredmedia":[{"embeddable":true,"href":"https:\/\/eg-reeds.com\/pt-pt\/wp-json\/wp\/v2\/media\/52731"}],"wp:attachment":[{"href":"https:\/\/eg-reeds.com\/pt-pt\/wp-json\/wp\/v2\/media?parent=52928"}],"wp:term":[{"taxonomy":"category","embeddable":true,"href":"https:\/\/eg-reeds.com\/pt-pt\/wp-json\/wp\/v2\/categories?post=52928"},{"taxonomy":"post_tag","embeddable":true,"href":"https:\/\/eg-reeds.com\/pt-pt\/wp-json\/wp\/v2\/tags?post=52928"}],"curies":[{"name":"wp","href":"https:\/\/api.w.org\/{rel}","templated":true}]}}